{"id":50713,"date":"2016-03-17T14:44:31","date_gmt":"2016-03-17T17:44:31","guid":{"rendered":"http:\/\/prensa.mendoza.gov.ar\/?p=50713"},"modified":"2016-03-17T14:44:31","modified_gmt":"2016-03-17T17:44:31","slug":"en-mendoza-los-gastos-son-superiores-a-los-ingresos","status":"publish","type":"post","link":"https:\/\/www.mendoza.gov.ar\/prensa\/en-mendoza-los-gastos-son-superiores-a-los-ingresos\/","title":{"rendered":"Cornejo: &quot;En Mendoza los gastos son superiores a los ingresos&quot;"},"content":{"rendered":"<!DOCTYPE html PUBLIC \"-\/\/W3C\/\/DTD HTML 4.0 Transitional\/\/EN\" \"http:\/\/www.w3.org\/TR\/REC-html40\/loose.dtd\">\n<html><body><p>El gobernador Alfredo Cornejo expuso en el Senado de la Naci&oacute;n, su postura sobre el acuerdo planteado con los holdouts que tras la media sanci&oacute;n de diputados tratar&aacute; la c&aacute;mara alta, la semana pr&oacute;xima.<\/p>\n<p>Fue en el marco de la convocatoria hecha por el plenario de las comisiones de Presupuesto y Hacienda y de Econom&iacute;a Nacional e Inversi&oacute;n de esa c&aacute;mara.<\/p>\n<p>En su alocuci&oacute;n, Cornejo explic&oacute;: &ldquo;Necesitamos cubrir este d&eacute;ficit con endeudamiento internacional. Hoy el stock de deuda es a corto plazo. Esto se debe a malas administraciones pero tambi&eacute;n a malos repartos de recursos nacionales, cada vez m&aacute;s, en detrimento de las provincias&rdquo;.<\/p>\n<p>Haciendo alusi&oacute;n a la situaci&oacute;n de nuestra provincia el Gobernador explic&oacute;: &ldquo;Mendoza tiene hoy un problema estructural. Sus gastos son superiores a sus ingresos, por ello, si no se resuelve el problema de la deuda internacional, no vamos a poder acceder a cr&eacute;ditos con buenas tasas de inter&eacute;s. El endeudamiento que necesitamos es para arreglar descalabros heredados de gestiones anteriores&rdquo;.<\/p>\n<p>&ldquo;Mendoza no tiene otra opci&oacute;n mas que tomar deuda, o despedir masivamente a 15 mil empleados p&uacute;blicos. Esa no es la soluci&oacute;n. Es por esto que vengo a manifestar la necesidad de cerrar este cap&iacute;tulo de endeudamiento&rdquo;, finaliz&oacute; el mandatario mendocino.<\/p>\n<p>Tras la aprobaci&oacute;n de la derogaci&oacute;n de las leyes Cerrojo y de Pago Soberano por parte de Diputados, el proyecto pas&oacute; &nbsp;a la C&aacute;mara alta para su tratamiento.<\/p>\n<p>Previo a ello, las comisiones de Presupuesto y Hacienda y de Econom&iacute;a Nacional e Inversi&oacute;n convocaron al Ministro &nbsp;Adolfo Prat Gay, durante la tarde de ayer; a los gobernadores, hoy; &nbsp;el viernes a representantes industriales, sindicalistas y la CGT y el pr&oacute;ximo lunes 21 y martes 22 completar&aacute;n las exposiciones los especialistas en econom&iacute;a para conocer su postura.<\/p>\n<p>https:\/\/soundcloud.com\/user-505450423\/intervencion-cornejo-senado-nacional-170316<\/p>\n<p><iframe width=\"900\" height=\"400\" scrolling=\"no\" frameborder=\"no\" src=\"https:\/\/w.soundcloud.com\/player\/?visual=true&amp;url=https%3A%2F%2Fapi.soundcloud.com%2Ftracks%2F252430437&amp;show_artwork=true&amp;maxwidth=900&amp;maxheight=1000\"><\/iframe><\/p>\n<\/body><\/html>\n","protected":false},"excerpt":{"rendered":"El gobernador Alfredo Cornejo particip\u00f3 en una reuni\u00f3n convocada por el Senado de la Naci\u00f3n, para conocer la postura de los gobernadores por el acuerdo con los holdouts. All\u00ed expres\u00f3 su aprobaci\u00f3n y describi\u00f3 la mala situaci\u00f3n de la provincia.","protected":false},"author":3,"featured_media":50714,"comment_status":"open","ping_status":"open","sticky":false,"template":"","format":"standard","meta":[],"categories":[19],"tags":[],"_links":{"self":[{"href":"https:\/\/www.mendoza.gov.ar\/prensa\/wp-json\/wp\/v2\/posts\/50713"}],"collection":[{"href":"https:\/\/www.mendoza.gov.ar\/prensa\/wp-json\/wp\/v2\/posts"}],"about":[{"href":"https:\/\/www.mendoza.gov.ar\/prensa\/wp-json\/wp\/v2\/types\/post"}],"author":[{"embeddable":true,"href":"https:\/\/www.mendoza.gov.ar\/prensa\/wp-json\/wp\/v2\/users\/3"}],"replies":[{"embeddable":true,"href":"https:\/\/www.mendoza.gov.ar\/prensa\/wp-json\/wp\/v2\/comments?post=50713"}],"version-history":[{"count":0,"href":"https:\/\/www.mendoza.gov.ar\/prensa\/wp-json\/wp\/v2\/posts\/50713\/revisions"}],"wp:featuredmedia":[{"embeddable":true,"href":"https:\/\/www.mendoza.gov.ar\/prensa\/wp-json\/wp\/v2\/media\/50714"}],"wp:attachment":[{"href":"https:\/\/www.mendoza.gov.ar\/prensa\/wp-json\/wp\/v2\/media?parent=50713"}],"wp:term":[{"taxonomy":"category","embeddable":true,"href":"https:\/\/www.mendoza.gov.ar\/prensa\/wp-json\/wp\/v2\/categories?post=50713"},{"taxonomy":"post_tag","embeddable":true,"href":"https:\/\/www.mendoza.gov.ar\/prensa\/wp-json\/wp\/v2\/tags?post=50713"}],"curies":[{"name":"wp","href":"https:\/\/api.w.org\/{rel}","templated":true}]}}