{"id":50748,"date":"2016-03-18T08:31:54","date_gmt":"2016-03-18T11:31:54","guid":{"rendered":"http:\/\/prensa.mendoza.gov.ar\/?p=50748"},"modified":"2016-03-18T08:31:54","modified_gmt":"2016-03-18T11:31:54","slug":"mejorar-condiciones-de-trabajo-y-apoyar-la-comercializacion-claves-para-potenciar-la-agricultura-familiar","status":"publish","type":"post","link":"https:\/\/www.mendoza.gov.ar\/prensa\/mejorar-condiciones-de-trabajo-y-apoyar-la-comercializacion-claves-para-potenciar-la-agricultura-familiar\/","title":{"rendered":"Mejorar condiciones de trabajo y apoyar la comercializaci\u00f3n claves para potenciar la agricultura familiar"},"content":{"rendered":"<!DOCTYPE html PUBLIC \"-\/\/W3C\/\/DTD HTML 4.0 Transitional\/\/EN\" \"http:\/\/www.w3.org\/TR\/REC-html40\/loose.dtd\">\n<html><body><p>Las organizaciones vinculadas a la Agricultura Familiar &nbsp;y &nbsp;los propios productores establecieron una serie de medidas a sostener este sector como conclusiones, en el marco de la presentaci&oacute;n del informe &ldquo;Sector Hort&iacute;cola en Mendoza: Caracterizaci&oacute;n, rol de la agricultura familiar y propuestas para la intervenci&oacute;n&rdquo;.<\/p>\n<p>Entre ellas, se plante&oacute; la necesidad de ayudar a mejorar las condiciones de trabajo y producci&oacute;n en conceptos de calidad, sanidad e inocuidad respecto a los cultivos ofrecidos al consumidor y&nbsp;cuidado del ambiente; la&nbsp;b&uacute;squeda y desarrollo de alternativas comerciales basadas en premisas de comercio justo y venta directa; el impulso, la promoci&oacute;n y conformaci&oacute;n de una Mesa t&eacute;cnica Hort&iacute;cola junto con organismos t&eacute;cnicos de investigaci&oacute;n, Desarrollo Rural y\/o extensi&oacute;n rural del orden municipal, provincial y nacional&nbsp;y sostener el&nbsp;RENAF y Monotributo Social Agropecuario, como la inscripci&oacute;n en RUT, a disposici&oacute;n y cercan&iacute;a a los productores.<\/p>\n<p>El trabajo de investigaci&oacute;n fue realizado por los equipos t&eacute;cnicos de la Secretar&iacute;a de Agricultura Familiar con los productores y organizaciones en todo el territorio provincial, la investigaci&oacute;n sistem&aacute;tica de datos, su an&aacute;lisis y elaboraci&oacute;n de propuestas junto al sector.<\/p>\n<p>Con el mismo se busc&oacute; establecer una base que permita interactuar y analizar con los distintos actores de la red hort&iacute;cola, sus realidades, identificar problem&aacute;ticas y generar estrategias de acompa&ntilde;amiento hacia el sector. Es as&iacute; un aporte para profundizar la vinculaci&oacute;n y di&aacute;logo con todas las Instituciones p&uacute;blicas que desarrollan sus acciones en el mismo territorio y con las Organizaciones sociales y sectoriales.<\/p>\n<p>De la actividad, realizada ayer en el INV, participaron representantes de las municipalidades de Las Heras, Guaymall&eacute;n, Lavalle y Maip&uacute;, INTA AER Guaymall&eacute;n, AER Mendoza y Lavalle, IDR y del Ministerio de Econom&iacute;a e Infraestructura, adem&aacute;s de miembros de los equipos t&eacute;cnicos territoriales de Agricultura Familiar de la Naci&oacute;n, de Valle de Uco, Luj&aacute;n de Cuyo, General Alvear, Zona Norte y Zona Este de la provincia.<\/p>\n<p><strong>Algunos aspectos a destacar del informe:&nbsp;<\/strong><\/p>\n<div>-Del volumen total de hortalizas producidas, China aporta el 50 %, India 10%, Estados Unidos 3,2% y Argentina 0,32%.<\/div>\n<div><\/div>\n<div>-En cuanto al consumo, China ocupa el primer lugar, luego India, Estados Unidos, Turqu&iacute;a; y en quinto lugar Argentina con 5,5 millones de toneladas al a&ntilde;o. En nuestro pa&iacute;s el consumo de hortalizas es de 130 kg per c&aacute;pita al a&ntilde;o y FAO\/OMS recomienda 400 a 600 gr\/d&iacute;a sin incluir papa. Es por ello que se observa una deficiencia en el consumo nacional, que se encuentra por valores menores.<\/div>\n<div><\/div>\n<div>-Seg&uacute;n datos del IDR (2014) se registran 3.800 explotaciones agropecuarias dedicadas a la horticultura en Mendoza, de las cuales el 73% corresponde al estrato de entre 0 a 5 ha, 14% al estrato de 5 a 10 ha y s&oacute;lo un 0,6% pertenecen al estrato de 50 a 100 ha.<\/div>\n<div><\/div>\n<div>-El cintur&oacute;n verde del Gran Mendoza, proveedor de productos vegetales frescos cotidianamente, se caracteriza por una gran diversidad en los cultivos que alcanza las 50 especies.<\/div>\n<div><\/div>\n<div><strong>Algunas propuestas son:&nbsp;<\/strong><\/div>\n<div><\/div>\n<div>-El RENAF y Monotributo Social Agropecuario, como la inscripci&oacute;n en RUT, a disposici&oacute;n y cercan&iacute;a a los productores, tiene que seguir siendo una l&iacute;nea de trabajo central como hasta el momento por la SAF en Mendoza. As&iacute;, la creciente formalizaci&oacute;n del sector, sobretodo en su fase primaria, es fundamental como herramienta de protecci&oacute;n ante los desequilibrios sufridos por los peque&ntilde;os productores hort&iacute;colas en toda la cadena.<\/div>\n<div><\/div>\n<div>-Por el componente productivo, se propone ayudar a mejorar las condiciones de trabajo y producci&oacute;n en conceptos de calidad, sanidad e inocuidad respecto a los cultivos ofrecidos al consumidor, cuidado del ambiente, desarrollo de esquemas productivos sustentables, incorporaci&oacute;n de tecnolog&iacute;a y cuidado en la salud de la familia agricultora, uso de los recursos productivos m&aacute;s eficientes, conservaci&oacute;n y transmisi&oacute;n de saberes culturales.<\/div>\n<div><\/div>\n<div>-El componente comercial, plantea la b&uacute;squeda y desarrollo de alternativas comerciales basadas en premisas de comercio justo y venta directa (ferias, compra estatal, puesto en mercado concentrador, v&iacute;nculos comerciales con la econom&iacute;a social\/popular). Entre las l&iacute;neas de trabajo m&aacute;s importantes, se mencionaron favorecer compras conjunta, profundizaci&oacute;n de toda forma de articulaci&oacute;n y comercializaci&oacute;n que tienda a la disminuci&oacute;n en el n&uacute;mero de eslabones intervinientes, apoyo y tendencia hacia la formalizaci&oacute;n legal y contable, B&uacute;squeda de soluciones a las limitantes de transporte y log&iacute;stica.<\/div>\n<div><\/div>\n<div>-El aspecto econ&oacute;mico social busca favorecer y potenciar la integraci&oacute;n de las organizaciones de productor@s y fortalecer su rol social y la visualizaci&oacute;n del mismo en la sociedad, incorporando la perspectiva de g&eacute;nero y facilitar el acceso al asesoramiento jur&iacute;dico y acompa&ntilde;amiento t&eacute;cnico, entre otros aspectos.<\/div>\n<div><\/div>\n<div>-Por &uacute;ltimo, en la dimensi&oacute;n institucional e inter-institucional se propone impulsar, promover y convocar a la constituci&oacute;n de una Mesa t&eacute;cnica Hort&iacute;cola junto con organismos t&eacute;cnicos de investigaci&oacute;n, Desarrollo Rural y\/o extensi&oacute;n rural del orden municipal, provincial y nacional. Instancia de encuentro que posibilite acordar un plan Estrat&eacute;gico para el Cintur&oacute;n Verde, en t&eacute;rminos productivos, enmarcado en el plan de Ordenamiento territorial que viene proyect&aacute;ndose.<\/div>\n<div><\/div>\n<div>El documento completo se encuentra disponible en<a href=\"https:\/\/www.afmendoza.com.ar\/\" target=\"_blank\">www.afmendoza.com.ar<\/a> en solapa Multimedia y all&iacute; Documentos.<\/div>\n<\/body><\/html>\n","protected":false},"excerpt":{"rendered":"La provincia ocupa el segundo lugar a nivel nacional en dicha producci\u00f3n. La Secretar\u00eda de Agricultura Familiar de la Naci\u00f3n present\u00f3 informe con importante participaci\u00f3n de instituciones que trabajan con el sector en la provincia.","protected":false},"author":3,"featured_media":0,"comment_status":"open","ping_status":"open","sticky":false,"template":"","format":"standard","meta":[],"categories":[1],"tags":[],"_links":{"self":[{"href":"https:\/\/www.mendoza.gov.ar\/prensa\/wp-json\/wp\/v2\/posts\/50748"}],"collection":[{"href":"https:\/\/www.mendoza.gov.ar\/prensa\/wp-json\/wp\/v2\/posts"}],"about":[{"href":"https:\/\/www.mendoza.gov.ar\/prensa\/wp-json\/wp\/v2\/types\/post"}],"author":[{"embeddable":true,"href":"https:\/\/www.mendoza.gov.ar\/prensa\/wp-json\/wp\/v2\/users\/3"}],"replies":[{"embeddable":true,"href":"https:\/\/www.mendoza.gov.ar\/prensa\/wp-json\/wp\/v2\/comments?post=50748"}],"version-history":[{"count":0,"href":"https:\/\/www.mendoza.gov.ar\/prensa\/wp-json\/wp\/v2\/posts\/50748\/revisions"}],"wp:attachment":[{"href":"https:\/\/www.mendoza.gov.ar\/prensa\/wp-json\/wp\/v2\/media?parent=50748"}],"wp:term":[{"taxonomy":"category","embeddable":true,"href":"https:\/\/www.mendoza.gov.ar\/prensa\/wp-json\/wp\/v2\/categories?post=50748"},{"taxonomy":"post_tag","embeddable":true,"href":"https:\/\/www.mendoza.gov.ar\/prensa\/wp-json\/wp\/v2\/tags?post=50748"}],"curies":[{"name":"wp","href":"https:\/\/api.w.org\/{rel}","templated":true}]}}