{"id":50853,"date":"2016-03-19T11:29:38","date_gmt":"2016-03-19T14:29:38","guid":{"rendered":"http:\/\/prensa.mendoza.gov.ar\/?p=50853"},"modified":"2016-03-19T11:29:38","modified_gmt":"2016-03-19T14:29:38","slug":"encuentro-con-emprendedores-cerro-la-visita-oficial-de-autoridades-nacionales","status":"publish","type":"post","link":"https:\/\/www.mendoza.gov.ar\/prensa\/encuentro-con-emprendedores-cerro-la-visita-oficial-de-autoridades-nacionales\/","title":{"rendered":"Encuentro con emprendedores cerr\u00f3 la visita oficial de autoridades nacionales"},"content":{"rendered":"<!DOCTYPE html PUBLIC \"-\/\/W3C\/\/DTD HTML 4.0 Transitional\/\/EN\" \"http:\/\/www.w3.org\/TR\/REC-html40\/loose.dtd\">\n<html><body><p>El Ministerio de Econom&iacute;a, Infraestructura y Energ&iacute;a organiz&oacute; un encuentro con emprendedores locales de distintos sectores de Mendoza para que dieran a conocer su experiencia a los representantes del Ministerio de Producci&oacute;n de la Naci&oacute;n, que ayer&nbsp;conclu&iacute;an su visita a nuestra provincia.<\/p>\n<p>La cita fue el &uacute;ltimo viernes en Dolium, la primera y &uacute;nica bodega con la categor&iacute;a de empresa B de Latinoam&eacute;rica en su rubro. Este emprendimiento familiar que comenz&oacute; hace m&aacute;s de 15 a&ntilde;os es la primera bodega subterr&aacute;nea, lo que le permite regular naturalmente la temperatura ambiente y de los vinos, realizando as&iacute; un aporte significativo desde lo ambiental.<\/p>\n<p>Guillermo Navarro, director de Innovaci&oacute;n y Desarrollo Sostenible de la Provincia, resalt&oacute; la importancia de que &ldquo;Estado, organizaciones sociales, universidades y empresas trabajen para fortalecer a los emprendedores&nbsp;de Mendoza&rdquo;.<\/p>\n<p>En esa misma l&iacute;nea, Campero se&ntilde;al&oacute; que &ldquo;desde la Naci&oacute;n vamos a complementar las herramientas que tienen en la provincia para poder llegar a m&aacute;s emprendedores en cada una de las etapas que transitan en su proyecto, ya sea&nbsp;cuando comienzan o quieran fortalecer o consolidar distintos aspectos de sus emprendimientos&rdquo;.<\/p>\n<p>En&nbsp;la reuni&oacute;n participaron emprendedores textiles, gastron&oacute;micos, con huertas org&aacute;nicas, desarrolladores del sector TIC y artesanos que elaboran juguetes y prendas en cuero, entre otros.<\/p>\n<\/body><\/html>\n","protected":false},"excerpt":{"rendered":"Para finalizar dos d\u00edas con una cargada agenda de actividades, el subsecretario de Emprendedores de la Naci\u00f3n, Esteban Campero, y su equipo se reunieron con un grupo de peque\u00f1os empresarios en una bodega de Luj\u00e1n de Cuyo.","protected":false},"author":3,"featured_media":0,"comment_status":"open","ping_status":"open","sticky":false,"template":"","format":"standard","meta":[],"categories":[1],"tags":[],"_links":{"self":[{"href":"https:\/\/www.mendoza.gov.ar\/prensa\/wp-json\/wp\/v2\/posts\/50853"}],"collection":[{"href":"https:\/\/www.mendoza.gov.ar\/prensa\/wp-json\/wp\/v2\/posts"}],"about":[{"href":"https:\/\/www.mendoza.gov.ar\/prensa\/wp-json\/wp\/v2\/types\/post"}],"author":[{"embeddable":true,"href":"https:\/\/www.mendoza.gov.ar\/prensa\/wp-json\/wp\/v2\/users\/3"}],"replies":[{"embeddable":true,"href":"https:\/\/www.mendoza.gov.ar\/prensa\/wp-json\/wp\/v2\/comments?post=50853"}],"version-history":[{"count":0,"href":"https:\/\/www.mendoza.gov.ar\/prensa\/wp-json\/wp\/v2\/posts\/50853\/revisions"}],"wp:attachment":[{"href":"https:\/\/www.mendoza.gov.ar\/prensa\/wp-json\/wp\/v2\/media?parent=50853"}],"wp:term":[{"taxonomy":"category","embeddable":true,"href":"https:\/\/www.mendoza.gov.ar\/prensa\/wp-json\/wp\/v2\/categories?post=50853"},{"taxonomy":"post_tag","embeddable":true,"href":"https:\/\/www.mendoza.gov.ar\/prensa\/wp-json\/wp\/v2\/tags?post=50853"}],"curies":[{"name":"wp","href":"https:\/\/api.w.org\/{rel}","templated":true}]}}