{"id":50876,"date":"2016-03-19T16:52:14","date_gmt":"2016-03-19T19:52:14","guid":{"rendered":"http:\/\/prensa.mendoza.gov.ar\/?p=50876"},"modified":"2016-03-19T16:52:14","modified_gmt":"2016-03-19T19:52:14","slug":"el-gobierno-de-mendoza-se-suma-a-la-hora-del-planeta","status":"publish","type":"post","link":"https:\/\/www.mendoza.gov.ar\/prensa\/el-gobierno-de-mendoza-se-suma-a-la-hora-del-planeta\/","title":{"rendered":"El Gobierno de Mendoza se suma a \u201cLa Hora del Planeta\u201d"},"content":{"rendered":"<!DOCTYPE html PUBLIC \"-\/\/W3C\/\/DTD HTML 4.0 Transitional\/\/EN\" \"http:\/\/www.w3.org\/TR\/REC-html40\/loose.dtd\">\n<html><body><p>Hoy, a las 20.30, se apagar&aacute;n las luces de la Casa de Gobierno por una hora, en adhesi&oacute;n a la campa&ntilde;a mundial &ldquo;La Hora del Planeta&rdquo;, que busca generar conciencia sobre el ahorro de energ&iacute;a como modo de cuidar el medio ambiente.<\/p>\n<p>Adem&aacute;s del &ldquo;apag&oacute;n&rdquo; simb&oacute;lico, agrupaciones ambientalistas y &nbsp;de j&oacute;venes &nbsp;se reunir&aacute;n en el Parque C&iacute;vico y encender&aacute;n un centenar de velas con el s&iacute;mbolo de la campa&ntilde;a.<\/p>\n<p>La Secretar&iacute;a Ambiente y Ordenamiento Territorial invita a los mendocinos a participar del encuentro&nbsp; y, a quienes no puedan asistir, &nbsp;a sumarse a la campa&ntilde;a apagando las luces, a la misma hora, en sus hogares.<\/p>\n<\/body><\/html>\n","protected":false},"excerpt":{"rendered":"La Secretar\u00eda de Ambiente y Ordenamiento Territorial de la Provincia incorpora a la agenda oficial la campa\u00f1a mundial que convoca a apagar la luz y artefactos el\u00e9ctricos por una hora para generar conciencia sobre el cuidado del ambiente.","protected":false},"author":3,"featured_media":50877,"comment_status":"open","ping_status":"open","sticky":false,"template":"","format":"standard","meta":[],"categories":[3],"tags":[],"_links":{"self":[{"href":"https:\/\/www.mendoza.gov.ar\/prensa\/wp-json\/wp\/v2\/posts\/50876"}],"collection":[{"href":"https:\/\/www.mendoza.gov.ar\/prensa\/wp-json\/wp\/v2\/posts"}],"about":[{"href":"https:\/\/www.mendoza.gov.ar\/prensa\/wp-json\/wp\/v2\/types\/post"}],"author":[{"embeddable":true,"href":"https:\/\/www.mendoza.gov.ar\/prensa\/wp-json\/wp\/v2\/users\/3"}],"replies":[{"embeddable":true,"href":"https:\/\/www.mendoza.gov.ar\/prensa\/wp-json\/wp\/v2\/comments?post=50876"}],"version-history":[{"count":0,"href":"https:\/\/www.mendoza.gov.ar\/prensa\/wp-json\/wp\/v2\/posts\/50876\/revisions"}],"wp:featuredmedia":[{"embeddable":true,"href":"https:\/\/www.mendoza.gov.ar\/prensa\/wp-json\/wp\/v2\/media\/50877"}],"wp:attachment":[{"href":"https:\/\/www.mendoza.gov.ar\/prensa\/wp-json\/wp\/v2\/media?parent=50876"}],"wp:term":[{"taxonomy":"category","embeddable":true,"href":"https:\/\/www.mendoza.gov.ar\/prensa\/wp-json\/wp\/v2\/categories?post=50876"},{"taxonomy":"post_tag","embeddable":true,"href":"https:\/\/www.mendoza.gov.ar\/prensa\/wp-json\/wp\/v2\/tags?post=50876"}],"curies":[{"name":"wp","href":"https:\/\/api.w.org\/{rel}","templated":true}]}}