{"id":50927,"date":"2016-03-21T11:49:58","date_gmt":"2016-03-21T14:49:58","guid":{"rendered":"http:\/\/prensa.mendoza.gov.ar\/?p=50927"},"modified":"2016-03-21T11:49:58","modified_gmt":"2016-03-21T14:49:58","slug":"la-sesion-de-diputados-para-tratar-el-decreto-docente-paso-para-el-miercoles","status":"publish","type":"post","link":"https:\/\/www.mendoza.gov.ar\/prensa\/la-sesion-de-diputados-para-tratar-el-decreto-docente-paso-para-el-miercoles\/","title":{"rendered":"La sesi\u00f3n de Diputados para tratar el decreto docente pas\u00f3 al mi\u00e9rcoles"},"content":{"rendered":"<!DOCTYPE html PUBLIC \"-\/\/W3C\/\/DTD HTML 4.0 Transitional\/\/EN\" \"http:\/\/www.w3.org\/TR\/REC-html40\/loose.dtd\">\n<html><body><p>La sesi&oacute;n especial de la C&aacute;mara de Diputados prevista para hoy para abordar el decreto por el cual se establece el incremento salarial para los docentes, se suspendi&oacute; hasta el pr&oacute;ximo mi&eacute;rcoles, a las 8. En tanto, ma&ntilde;ana se abrir&aacute; una mesa de di&aacute;logo con representantes de los&nbsp;sectores involucrados en&nbsp;la problem&aacute;tica educativa.<\/p>\n<p>&ldquo;Hemos tomado la decisi&oacute;n ante el pedido de uno de los partidos que componen el frente Cambia Mendoza de&nbsp;posponer la sesi&oacute;n hasta el mi&eacute;rcoles a las 8&rdquo;, dijo el legislador N&eacute;stor Par&eacute;s, y&nbsp;agreg&oacute;: &ldquo;Nos pareci&oacute; prudente abrir esta mesa de di&aacute;logo&rdquo;.<\/p>\n<p>&ldquo;Ma&ntilde;ana, a las 9, vamos a abrir la mesa de di&aacute;logo en el &aacute;mbito legislativo, donde convocaremos a un representante de cada uno de los partidos pol&iacute;ticos que tienen representaci&oacute;n parlamentaria, representantes del gremio de la educaci&oacute;n, tambi&eacute;n de la actividad econ&oacute;mica de la provincia&nbsp;y&nbsp;de la iglesia para ver si podemos lograr un acuerdo con el sector docente desde el &aacute;mbito legislativo&rdquo;, acot&oacute;. Adem&aacute;s, asistir&aacute; al encuentro un representante del Gobierno provincial.<\/p>\n<\/body><\/html>\n","protected":false},"excerpt":{"rendered":"La presidencia de la C\u00e1mara atendi\u00f3 el pedido del Frente Renovador. En tanto, ma\u00f1ana se abrir\u00e1 una mesa de di\u00e1logo a la cual asistir\u00e1n representantes de todos los sectores involucrados. ","protected":false},"author":3,"featured_media":50928,"comment_status":"open","ping_status":"open","sticky":false,"template":"","format":"standard","meta":[],"categories":[1],"tags":[],"_links":{"self":[{"href":"https:\/\/www.mendoza.gov.ar\/prensa\/wp-json\/wp\/v2\/posts\/50927"}],"collection":[{"href":"https:\/\/www.mendoza.gov.ar\/prensa\/wp-json\/wp\/v2\/posts"}],"about":[{"href":"https:\/\/www.mendoza.gov.ar\/prensa\/wp-json\/wp\/v2\/types\/post"}],"author":[{"embeddable":true,"href":"https:\/\/www.mendoza.gov.ar\/prensa\/wp-json\/wp\/v2\/users\/3"}],"replies":[{"embeddable":true,"href":"https:\/\/www.mendoza.gov.ar\/prensa\/wp-json\/wp\/v2\/comments?post=50927"}],"version-history":[{"count":0,"href":"https:\/\/www.mendoza.gov.ar\/prensa\/wp-json\/wp\/v2\/posts\/50927\/revisions"}],"wp:featuredmedia":[{"embeddable":true,"href":"https:\/\/www.mendoza.gov.ar\/prensa\/wp-json\/wp\/v2\/media\/50928"}],"wp:attachment":[{"href":"https:\/\/www.mendoza.gov.ar\/prensa\/wp-json\/wp\/v2\/media?parent=50927"}],"wp:term":[{"taxonomy":"category","embeddable":true,"href":"https:\/\/www.mendoza.gov.ar\/prensa\/wp-json\/wp\/v2\/categories?post=50927"},{"taxonomy":"post_tag","embeddable":true,"href":"https:\/\/www.mendoza.gov.ar\/prensa\/wp-json\/wp\/v2\/tags?post=50927"}],"curies":[{"name":"wp","href":"https:\/\/api.w.org\/{rel}","templated":true}]}}