{"id":51002,"date":"2016-03-21T21:59:19","date_gmt":"2016-03-22T00:59:19","guid":{"rendered":"http:\/\/prensa.mendoza.gov.ar\/?p=51002"},"modified":"2016-03-21T21:59:19","modified_gmt":"2016-03-22T00:59:19","slug":"legisladores-de-la-ucr-presentaron-una-denuncia-por-enriquecimiento-ilicito-contra-francisco-perez","status":"publish","type":"post","link":"https:\/\/www.mendoza.gov.ar\/prensa\/legisladores-de-la-ucr-presentaron-una-denuncia-por-enriquecimiento-ilicito-contra-francisco-perez\/","title":{"rendered":"Legisladores de la UCR presentaron una denuncia por enriquecimiento il\u00edcito contra Francisco P\u00e9rez"},"content":{"rendered":"<!DOCTYPE html PUBLIC \"-\/\/W3C\/\/DTD HTML 4.0 Transitional\/\/EN\" \"http:\/\/www.w3.org\/TR\/REC-html40\/loose.dtd\">\n<html><body><p class=\"ecxMsoNormal\"><span lang=\"ES-AR\">En una conferencia de prensa realizada en el Sal&oacute;n Rojo de&nbsp;la Legislatura&nbsp;Provincial, la vicegobernadora Laura Montero y legisladores de&nbsp;la UCR&nbsp;presentaron una denuncia por enriquecimiento il&iacute;cito contra el exgobernador Francisco P&eacute;rez y su esposa Celina S&aacute;nchez. &nbsp;El ex funcionario declar&oacute; tener un departamento de unos 300.000 d&oacute;lares a precio de mercado en una torre de lujo situada en el departamento de Godoy Cruz adquirida a un contratista de obra p&uacute;blica. La acusaci&oacute;n se encuentra en la fiscal&iacute;a cuyo titular es&nbsp;Santiago Garay.<\/span><\/p>\n<p class=\"ecxMsoNormal\"><span lang=\"ES-AR\">&ldquo;Cuando uno detecta irregularidades con informaci&oacute;n fehaciente de funcionarios que incumplieron con su deber,&nbsp;&nbsp;tenemos la obligaci&oacute;n de denunciarlo. La primera presentaci&oacute;n judicial la desarroll&oacute; el senador Mancinelli con datos precisos sobre el ex ministro de Transporte Pablo&nbsp;<\/span>Rousseau<span lang=\"ES-AR\">&nbsp;y ahora hemos presentado una nueva en contra de P&eacute;rez y Celina S&aacute;nchez, frente a la evidencia que surgi&oacute; de las declaraciones juradas del ex gobernador. Esa denuncia ya la hemos presentado y la tiene la Justicia&rdquo;, explic&oacute; Montero.<\/span><\/p>\n<p class=\"ecxMsoNormal\"><span lang=\"ES-AR\">Posteriormente, Ernesto Mancinelli, de Libres del Sur, detall&oacute; la denuncia que present&oacute; en enero contra el exfuncionario de Transporte&nbsp;<\/span>Rousseau<span lang=\"ES-AR\">&nbsp;que fue la antesala a la acusaci&oacute;n contra P&eacute;rez. &ldquo;Solicitamos que se investigue por presunto enriquecimiento il&iacute;cito, ya que la sospecha que ten&iacute;amos es que pasaron de tener &eacute;l y su padre&nbsp;5 a&nbsp;15 propiedades en su cargo como funcionario p&uacute;blico. Pr&aacute;cticamente, la mayor parte de su trabajo fue un empleado de tercera a segunda l&iacute;nea, salvo los &uacute;ltimos meses como ministro. Luego hicimos una ampliaci&oacute;n de la denuncia e involucramos a Diego Mart&iacute;nez Palau, que figuraba como comprador de una propiedad de $3.200.000&rdquo;, coment&oacute; el legislador.<\/span><\/p>\n<p class=\"ecxMsoNormal\"><span lang=\"ES-AR\">El presidente del bloque de Senadores de&nbsp;la UCR, Alejandro Molero, fue el encargado de presentar la denuncia que se desarroll&oacute; en concreto contra P&eacute;rez y su mujer. Lleva la firma de los senadores de ese partido en cuesti&oacute;n, salvo de los que participan del jury. &ldquo;El gobierno de la Provincia est&aacute; haciendo un enorme esfuerzo por tratar de dotar a cada una de las aristas del Estado un servicio de calidad. Tenemos serias dificultades econ&oacute;micas, es necesario encontrar los responsables de llevar a Mendoza a la situaci&oacute;n en la que se encuentra. La denuncia da cuenta del probable il&iacute;cito en que incurri&oacute; P&eacute;rez y su se&ntilde;ora esposa;&nbsp;hemos encontrado una serie de irregularidades teniendo en cuenta su declaraci&oacute;n jurada&rdquo;, dijo el senador.<\/span><\/p>\n<p class=\"ecxMsoNormal\"><span lang=\"ES-AR\">&ldquo;En esta denuncia lo que se trata de mostrar es el posible enriquecimiento il&iacute;cito del exgobernador. Al presentar su declaraci&oacute;n jurada podemos dar cuenta de las irregularidades. Puntualmente nos llama la atenci&oacute;n que S&aacute;nchez figura como empleada de Fuesmen y no sabemos su ingreso, el nivel de vida que han llevado no se condice con lo que han declarado&rdquo;, asever&oacute; el senador Adri&aacute;n Reche (UCR).&nbsp;<\/span><\/p>\n<p class=\"ecxMsoNormal\">&nbsp;<span style=\"font-family: georgia,serif\">Archivo en <a href=\"https:\/\/www.legislaturamendoza.gov.ar\/wp-content\/uploads\/2016\/03\/Denuncia-contra-Ex-Gob-P%C3%A9rez.pdf\">PDF<\/a> de la denuncia de la vicegobernadora Laura Montero y senadores radicales contra Francisco P&eacute;rez, ex gobernador de Mendoza.<\/span><\/p>\n<p>&nbsp;<\/p>\n<\/body><\/html>\n","protected":false},"excerpt":{"rendered":"Senadores del bloque radical  pidieron investigar al ex gobernador por la compra de un departamento de lujo a un contratista de obra p\u00fablica.  La acusaci\u00f3n se encuentra en la fiscal\u00eda de Santiago Garay.","protected":false},"author":3,"featured_media":51003,"comment_status":"open","ping_status":"open","sticky":false,"template":"","format":"standard","meta":[],"categories":[1],"tags":[],"_links":{"self":[{"href":"https:\/\/www.mendoza.gov.ar\/prensa\/wp-json\/wp\/v2\/posts\/51002"}],"collection":[{"href":"https:\/\/www.mendoza.gov.ar\/prensa\/wp-json\/wp\/v2\/posts"}],"about":[{"href":"https:\/\/www.mendoza.gov.ar\/prensa\/wp-json\/wp\/v2\/types\/post"}],"author":[{"embeddable":true,"href":"https:\/\/www.mendoza.gov.ar\/prensa\/wp-json\/wp\/v2\/users\/3"}],"replies":[{"embeddable":true,"href":"https:\/\/www.mendoza.gov.ar\/prensa\/wp-json\/wp\/v2\/comments?post=51002"}],"version-history":[{"count":0,"href":"https:\/\/www.mendoza.gov.ar\/prensa\/wp-json\/wp\/v2\/posts\/51002\/revisions"}],"wp:featuredmedia":[{"embeddable":true,"href":"https:\/\/www.mendoza.gov.ar\/prensa\/wp-json\/wp\/v2\/media\/51003"}],"wp:attachment":[{"href":"https:\/\/www.mendoza.gov.ar\/prensa\/wp-json\/wp\/v2\/media?parent=51002"}],"wp:term":[{"taxonomy":"category","embeddable":true,"href":"https:\/\/www.mendoza.gov.ar\/prensa\/wp-json\/wp\/v2\/categories?post=51002"},{"taxonomy":"post_tag","embeddable":true,"href":"https:\/\/www.mendoza.gov.ar\/prensa\/wp-json\/wp\/v2\/tags?post=51002"}],"curies":[{"name":"wp","href":"https:\/\/api.w.org\/{rel}","templated":true}]}}