{"id":51084,"date":"2016-03-22T18:06:15","date_gmt":"2016-03-22T21:06:15","guid":{"rendered":"http:\/\/prensa.mendoza.gov.ar\/?p=51084"},"modified":"2016-03-22T18:06:15","modified_gmt":"2016-03-22T21:06:15","slug":"el-gobierno-compro-94-millones-de-litros-de-vino-blanco-generico","status":"publish","type":"post","link":"https:\/\/www.mendoza.gov.ar\/prensa\/el-gobierno-compro-94-millones-de-litros-de-vino-blanco-generico\/","title":{"rendered":"Excedentes v\u00ednicos: se compraron 9,4 millones de litros de vino blanco gen\u00e9rico"},"content":{"rendered":"<!DOCTYPE html PUBLIC \"-\/\/W3C\/\/DTD HTML 4.0 Transitional\/\/EN\" \"http:\/\/www.w3.org\/TR\/REC-html40\/loose.dtd\">\n<html><body><p>Con un desembolso de $28.973.129,30, el Gobierno provincial compr&oacute; 9.417.078 litros de vino blanco gen&eacute;rico que ofertaron 195 peque&ntilde;os productores, contratistas de vi&ntilde;a y elaboradores de hasta 100 mil litros.<\/p>\n<p>La intervenci&oacute;n oficial fue la punta de lanza para revertir la situaci&oacute;n que reclamaban los productores vitivin&iacute;colas de la provincia a comienzos de este a&ntilde;o y, al cabo de dos meses, el precio del vino repunt&oacute; 89%, seg&uacute;n los registros de la Bolsa de Comercio de Mendoza.<\/p>\n<p>La oferta del producto provino de 167 productores de San Mart&iacute;n, seguido por 12 de Jun&iacute;n, 11 de Rivadavia, 2 de Lavalle y s&oacute;lo uno por cada departamento de Santa Rosa, Maip&uacute; y Guaymall&eacute;n.<\/p>\n<p>Con los $21 millones restantes, de los $50 millones que el Gobierno nacional envi&oacute; a la Provincia para el operativo, el Ministerio de Econom&iacute;a, Infraestructura y Energ&iacute;a trabaja en una adenda para que estos fondos queden en la provincia y se destinen a la reconversi&oacute;n vitivin&iacute;cola de uvas rosadas o a una diversificaci&oacute;n de mercado como cambio de frutal.<\/p>\n<p>Por otra parte, el subsecretario de Agricultura, Alfredo Aciar, estuvo la semana pasada en Buenos Aires participando del Consejo Federal Agropecuario y gestionando fondos ante la Comisi&oacute;n Nacional de Emergencias y Desastres Agropecuarios.<\/p>\n<\/body><\/html>\n","protected":false},"excerpt":{"rendered":"El viernes cerr\u00f3 el operativo que se puso en marcha para tonificar el valor del producto, que en los \u00faltimos cuatro a\u00f1os estuvo estancado.","protected":false},"author":3,"featured_media":51100,"comment_status":"open","ping_status":"open","sticky":false,"template":"","format":"standard","meta":[],"categories":[1],"tags":[],"_links":{"self":[{"href":"https:\/\/www.mendoza.gov.ar\/prensa\/wp-json\/wp\/v2\/posts\/51084"}],"collection":[{"href":"https:\/\/www.mendoza.gov.ar\/prensa\/wp-json\/wp\/v2\/posts"}],"about":[{"href":"https:\/\/www.mendoza.gov.ar\/prensa\/wp-json\/wp\/v2\/types\/post"}],"author":[{"embeddable":true,"href":"https:\/\/www.mendoza.gov.ar\/prensa\/wp-json\/wp\/v2\/users\/3"}],"replies":[{"embeddable":true,"href":"https:\/\/www.mendoza.gov.ar\/prensa\/wp-json\/wp\/v2\/comments?post=51084"}],"version-history":[{"count":0,"href":"https:\/\/www.mendoza.gov.ar\/prensa\/wp-json\/wp\/v2\/posts\/51084\/revisions"}],"wp:featuredmedia":[{"embeddable":true,"href":"https:\/\/www.mendoza.gov.ar\/prensa\/wp-json\/wp\/v2\/media\/51100"}],"wp:attachment":[{"href":"https:\/\/www.mendoza.gov.ar\/prensa\/wp-json\/wp\/v2\/media?parent=51084"}],"wp:term":[{"taxonomy":"category","embeddable":true,"href":"https:\/\/www.mendoza.gov.ar\/prensa\/wp-json\/wp\/v2\/categories?post=51084"},{"taxonomy":"post_tag","embeddable":true,"href":"https:\/\/www.mendoza.gov.ar\/prensa\/wp-json\/wp\/v2\/tags?post=51084"}],"curies":[{"name":"wp","href":"https:\/\/api.w.org\/{rel}","templated":true}]}}