{"id":51229,"date":"2016-03-24T08:43:38","date_gmt":"2016-03-24T11:43:38","guid":{"rendered":"http:\/\/prensa.mendoza.gov.ar\/?p=51229"},"modified":"2016-03-24T08:43:38","modified_gmt":"2016-03-24T11:43:38","slug":"se-realizo-en-la-legislatura-la-iv-reunion-plenaria-del-parlamento-de-cuyo","status":"publish","type":"post","link":"https:\/\/www.mendoza.gov.ar\/prensa\/se-realizo-en-la-legislatura-la-iv-reunion-plenaria-del-parlamento-de-cuyo\/","title":{"rendered":"Se realiz\u00f3 en la Legislatura la \u201cIV Reuni\u00f3n Plenaria del Parlamento de Cuyo\u201d"},"content":{"rendered":"<!DOCTYPE html PUBLIC \"-\/\/W3C\/\/DTD HTML 4.0 Transitional\/\/EN\" \"http:\/\/www.w3.org\/TR\/REC-html40\/loose.dtd\">\n<html><body><p>Integrantes del Parlamento de Cuyo se reunieron esta ma&ntilde;ana en el anexo de la Legislatura de Mendoza <span lang=\"ES-AR\">para avanzar en temas relacionados a pol&iacute;ticas comunes de la regi&oacute;n y definir una<\/span> agenda de trabajo 2016\/2018.<\/p>\n<p>&nbsp;<\/p>\n<p>El encuentro comenz&oacute; pasadas las 10 y participaron la vicegobernadora Laura Montero y sus pares de San Juan y San Luis, Marcelo Lima y Carlos Ponce, respectivamente.<\/p>\n<p>&nbsp;<\/p>\n<p>El plenario del &nbsp;Parlamento de Cuyo estuvo conformado por su presidente, <span lang=\"ES-AR\">Javier Ruiz &Aacute;lvarez (San Juan); sus vicepresidentes por Mendoza, Ana Sevilla y Ra&uacute;l Ferrer; sus vicepresidentes por San Luis, Augusto Alume y Mabel Leyes; el director General, Juan Carlos Quiroga Moyano; y el secretario permanente: Hip&oacute;lito Riveira.&nbsp;<\/span><\/p>\n<p><span lang=\"ES-AR\">&nbsp;<\/span><\/p>\n<p>El encuentro se centr&oacute; en realizar la presentaci&oacute;n de los nuevos legisladores, sustituci&oacute;n de autoridades y miembros de mandato cumplido del Parlamento de Cuyo.<\/p>\n<p>&nbsp;<\/p>\n<p>Una de las tem&aacute;ticas en la que se centr&oacute; la reuni&oacute;n fue la de conformar la Comisi&oacute;n conjunta para el desarrollo y elaboraci&oacute;n del Protocolo unificado de prevenci&oacute;n de plagas, cat&aacute;strofes y epidemias regionales.<\/p>\n<p>&nbsp;<\/p>\n<p>En la apertura de la reuni&oacute;n, Ra&uacute;l Ferrer, uno de los vicepresidentes del Parlamento de Cuyo por Mendoza explic&oacute; que se trat&oacute; de una reuni&oacute;n de la mesa ejecutiva del Parlamento de Cuyo de la que participaron de manera activa los tres vicegobernadores de Cuyo.<\/p>\n<p>&nbsp;<\/p>\n<p>Adem&aacute;s inform&oacute; que en 2015 por ser un a&ntilde;o electoral no pudieron respetar la agenda que hab&iacute;an propuesto, por lo que este a&ntilde;o retomaron las tareas y compromisos asumidos. &ldquo;Esto incluye la nueva integraci&oacute;n de la mesa de conducci&oacute;n del Parlamento Cuyano, como as&iacute; la presentaci&oacute;n de los nuevos legisladores, la sustituci&oacute;n de autoridades, entre otras tareas&rdquo;.<\/p>\n<p>&nbsp;<\/p>\n<p>Ferrer tambi&eacute;n confirm&oacute; que la &ldquo;Asamblea General de la Uni&oacute;n de Parlamentarios Sudamericanos y Mercosur y del Bloque Argentino&rdquo; se realizar&aacute; en la ciudad de la Plata los d&iacute;as 6, 7 y 8 de abril.<\/p>\n<p>&nbsp;<\/p>\n<p class=\"ecxMsoNormal\">Por su parte, Laura Montero expres&oacute;: &ldquo;Esta regi&oacute;n tiene un gran desaf&iacute;o por delante. El Parlamento de Cuyo, como toda instituci&oacute;n, puede transformarse en protagonista por la tarea de sus integrantes y por una agenda din&aacute;mica vinculada con la vida de los cuyanos. He advertido que en cada uno de los temas a tratar podemos planificar por objetivos, a trav&eacute;s de metas cuantificables y que nos permitan determinar los avances&rdquo;.<\/p>\n<p class=\"ecxMsoNormal\">&ldquo;Voy a poner entusiasmo en la tarea, porque creo profundamente en la integraci&oacute;n regional, ya demasiado tiempo estuvimos divididos&rdquo;, se&ntilde;al&oacute; Montero y dio como ejemplo la promoci&oacute;n industrial.<\/p>\n<p class=\"ecxMsoNormal\">&ldquo;Debemos pensar en construir eslabones entre nuestras cadenas productivas para que sean m&aacute;s eficientes, no compitiendo entre nuestras provincias por ver quien se queda con la inversi&oacute;n; sino como nos dividimos la tarea para hacer integraci&oacute;n real de nuestras estructura productiva y as&iacute; proyectarnos al mundo&rdquo;, expres&oacute; la Vicegobernadora.<\/p>\n<p class=\"ecxMsoNormal\">Y agreg&oacute;: &ldquo;Tenemos ese desaf&iacute;o por delante de tratar de integrarnos productivamente y hacerlo en lo social, cultural, pol&iacute;tico con una buena convivencia para aspirar a un desarrollo regional. Recuerdo que plantee en el Congreso de la Naci&oacute;n, el r&eacute;gimen de fomento de inversiones para distribuir cupos de cr&eacute;dito fiscal por regiones y luego dividirlo en forma igualitaria por provincia. Iniciativa que fue apoyada por el senador por San Luis, Rodr&iacute;guez Sa&aacute;&rdquo;.<\/p>\n<p class=\"ecxMsoNormal\"><a href=\"https:\/\/www.mendoza.gov.ar\/prensa\/wp-content\/uploads\/sites\/23\/DSC4058.jpg\"><img loading=\"lazy\" class=\"aligncenter wp-image-51231 img-responsive center-block\" src=\"https:\/\/www.mendoza.gov.ar\/prensa\/wp-content\/uploads\/sites\/23\/DSC4058.jpg\" alt=\"_DSC4058\" width=\"650\" height=\"433\"><\/a><\/p>\n<p class=\"ecxMsoNormal\">&ldquo;Desde este Parlamento de Cuyo deben generarse iniciativas conjuntas para ayudar a explorar los mercados del mundo. Planteo la parte econ&oacute;mica primero, por ejemplo, el desaf&iacute;o de enfrentar Brasil como una reserva de mercado que provoca el arancel externo com&uacute;n que da el Mercosur, para nosotros esto ofrece una gran oportunidad para nuestros vinos y frutas y nos da una reserva de marcado desarrollo potencial para nuestra regi&oacute;n. El caso de Chile, que ya est&aacute; teniendo limitaciones reales en cuanto a su capacidad de producci&oacute;n para abastecer la inmensa cantidad de mercados que ha generado el tratado de libre comercio y tal vez ya este mas permeable a integrar cadenas regionales y complementemos el esfuerzo que hacen para abastecer los mercados&rdquo;, dijo la vicegobernadora y puso como&nbsp; ejemplo la reuni&oacute;n mantenida con la delegaci&oacute;n china hace poco d&iacute;as.<\/p>\n<p class=\"ecxMsoNormal\">Montero precis&oacute; tambi&eacute;n: &ldquo;Creo que si nosotros nos ponemos a la altura de las circunstancias y sobre todo desde los &aacute;mbitos legislativos para normar y que luego tenga que cumplirlos el Ejecutivo de cada provincia y que sirva de marco para organizarnos, el campo de acci&oacute;n ser&aacute; infinito&rdquo;.<\/p>\n<p class=\"ecxMsoNormal\">En otra parte de su discurso, la mandataria puso en foco los problemas regionales sanitarios. &ldquo;Nos comprende a todos porque es excluyente para entrar a los mercados. Y si bien hemos avanzado con las zonas libres de plagas estamos teniendo dificultades con plagas nuevas como es la lobesia botrana que afecta a la mayor&iacute;a de nuestros cultivos, por eso los controles de fronteras, y recordar que la ley fue sancionada en el Congreso, impulsada por los legisladores de Cuyo para hacer este control y debemos darle vida desde nuestras provincias ayudando al marco normativo a nivel nacional&rdquo;.<\/p>\n<p class=\"ecxMsoNormal\">Montero sostuvo que se debe trabajar en articular las cadenas productivas, ver de qu&eacute; modo se plantea esa integraci&oacute;n, tanto horizontal como vertical,&nbsp; en todos los circuitos productivos existentes y no s&oacute;lo agroalimentarios: &ldquo;Con una econom&iacute;a diversificada y vincular los sectores metalmec&aacute;nicos y los desaf&iacute;os que plantean las energ&iacute;as renovables: energ&iacute;a h&iacute;drica, energ&iacute;a solar, e&oacute;lica; son campos de experimentaci&oacute;n y complementaci&oacute;n que se vinculan a los desarrollos industriales que hacen a la posibilidad de dar ese tipo de energ&iacute;as&rdquo;.<\/p>\n<p class=\"ecxMsoNormal\">Finalmente, la Vicegobernadora se refiri&oacute; a los impactos ambientales de la Miner&iacute;a, los cuidados responsables del agua, la puesta en valor de los organismos de control y lograr mejoras reales en los servicios turismo integrado.<\/p>\n<p class=\"ecxMsoNormal\">&nbsp;Asimismo, pidi&oacute; al Parlamento de Cuyo un mayor protagonismo en el desarrollo de infraestructura para servicios log&iacute;sticos: &ldquo;Debemos perforar la cordillera, no importa el nombre del paso de frontera. Es decir, priorizar todas las obras de vinculaci&oacute;n con Chile. Es desde el inter&eacute;s regional donde se plantea la necesidad de actos pr&aacute;cticos que nos lleven al cumplimiento de los objetivos&rdquo;.<\/p>\n<p>&nbsp;<\/p>\n<p class=\"ecxMsoNormal\">Por su parte, el vicegobernador de la provincia de San Luis, Carlos Ponce reivindic&oacute; la figura de la mujer &ldquo;nosotros tenemos en la C&aacute;mara de Senadores mayor&iacute;a de mujeres y en la provincia de San Luis hemos creado una secretar&iacute;a de Estado con rango ministerial que es &lsquo;Ni una menos&rsquo; en donde se recepciona todo lo concerniente a la violencia de g&eacute;nero&rdquo;.<\/p>\n<p class=\"ecxMsoNormal\">&nbsp;<a href=\"https:\/\/www.mendoza.gov.ar\/prensa\/wp-content\/uploads\/sites\/23\/DSC4014.jpg\"><img loading=\"lazy\" class=\"aligncenter wp-image-51232 img-responsive center-block\" src=\"https:\/\/www.mendoza.gov.ar\/prensa\/wp-content\/uploads\/sites\/23\/DSC4014.jpg\" alt=\"_DSC4014\" width=\"650\" height=\"433\"><\/a><\/p>\n<p>Adem&aacute;s, realiz&oacute; un homenaje por el d&iacute;a Nacional por la Memoria, la Verdad y la Justicia y profundiz&oacute;: &ldquo;Espero que en la Argentina no se vivan estos hechos tan lamentables y que podamos tener una democracia que nos permita conocer y elegir a nuestros representantes&rdquo;.<\/p>\n<p>&nbsp;<\/p>\n<p>Ponce tambi&eacute;n manifest&oacute; su agrado al participar del plenario: &ldquo;Me entusiasma saber que desde cada regi&oacute;n podemos dar a conocer nuestros intereses y buscar la forma de concretar acciones que signifiquen brindar soluci&oacute;n a cada una de las provincias que representamos. Creo que ser&iacute;a bueno definir de que manera nos complementamos como regi&oacute;n cuyana para que todos tengamos un r&eacute;gimen que nos permita tener un desarrollo regional ya que muchas veces vemos que nuestro hijos se van por falta de oportunidades y de trabajo&rdquo;.<\/p>\n<p>&nbsp;<\/p>\n<p>Tambi&eacute;n agreg&oacute;: &ldquo;Desde San Luis vamos a acompa&ntilde;ar, a trabajar y nos vamos a comprometer en realizar todas las gestiones necesarias para articular pol&iacute;ticas con respecto al cuidado del medio ambiente y en cuanto a la promoci&oacute;n del turismo&rdquo;.<\/p>\n<p>&nbsp;<\/p>\n<p>Por su parte, el vicegobernador de San Juan, Marcelo Lima coment&oacute; que el Parlamento representa, a trav&eacute;s de sus diputados, las distintas expresiones pol&iacute;ticas, los distintos pensamientos pol&iacute;ticos que reciben en un contexto social. Por eso creo que este es el lugar adecuado para afrontar, profundizar los problem&aacute;ticas que tienen en com&uacute;n las provincias de la regi&oacute;n cuyana&rdquo;.<\/p>\n<p>&nbsp;<\/p>\n<p>En este sentido es que expres&oacute;: &ldquo;Coincido con la vicegobernadora Laura Montero en que hay que trabajar en el &aacute;mbito de la producci&oacute;n y en el &aacute;mbito del crecimiento regional, logrando as&iacute; vincularnos m&aacute;s como regi&oacute;n&rdquo;.<\/p>\n<p>&nbsp;<\/p>\n<p>Lima finaliz&oacute; su discurso diciendo &ldquo;queremos desde la Vicegobernaci&oacute;n de San Juan ponernos a disposici&oacute;n de cada uno de ustedes con el compromiso de trabajar en el esclarecimiento, en la profundizaci&oacute;n y para brindar soluciones concretas a las distintas problem&aacute;ticas que ata&ntilde;en a nuestra regi&oacute;n&rdquo;.<\/p>\n<\/body><\/html>\n","protected":false},"excerpt":{"rendered":"Del encuentro que participaron la vicegobernadora Laura Montero y sus pares de San Juan y San Luis se avanz\u00f3 sobre temas relacionados a pol\u00edticas que tiene en com\u00fan las provincias cuyanas y confeccionaron una agenda de trabajo que se llevar\u00e1 adelante entre 2016 y  2018.","protected":false},"author":3,"featured_media":51230,"comment_status":"open","ping_status":"open","sticky":false,"template":"","format":"standard","meta":[],"categories":[1],"tags":[],"_links":{"self":[{"href":"https:\/\/www.mendoza.gov.ar\/prensa\/wp-json\/wp\/v2\/posts\/51229"}],"collection":[{"href":"https:\/\/www.mendoza.gov.ar\/prensa\/wp-json\/wp\/v2\/posts"}],"about":[{"href":"https:\/\/www.mendoza.gov.ar\/prensa\/wp-json\/wp\/v2\/types\/post"}],"author":[{"embeddable":true,"href":"https:\/\/www.mendoza.gov.ar\/prensa\/wp-json\/wp\/v2\/users\/3"}],"replies":[{"embeddable":true,"href":"https:\/\/www.mendoza.gov.ar\/prensa\/wp-json\/wp\/v2\/comments?post=51229"}],"version-history":[{"count":0,"href":"https:\/\/www.mendoza.gov.ar\/prensa\/wp-json\/wp\/v2\/posts\/51229\/revisions"}],"wp:featuredmedia":[{"embeddable":true,"href":"https:\/\/www.mendoza.gov.ar\/prensa\/wp-json\/wp\/v2\/media\/51230"}],"wp:attachment":[{"href":"https:\/\/www.mendoza.gov.ar\/prensa\/wp-json\/wp\/v2\/media?parent=51229"}],"wp:term":[{"taxonomy":"category","embeddable":true,"href":"https:\/\/www.mendoza.gov.ar\/prensa\/wp-json\/wp\/v2\/categories?post=51229"},{"taxonomy":"post_tag","embeddable":true,"href":"https:\/\/www.mendoza.gov.ar\/prensa\/wp-json\/wp\/v2\/tags?post=51229"}],"curies":[{"name":"wp","href":"https:\/\/api.w.org\/{rel}","templated":true}]}}