{"id":51238,"date":"2016-03-23T16:43:12","date_gmt":"2016-03-23T19:43:12","guid":{"rendered":"http:\/\/prensa.mendoza.gov.ar\/?p=51238"},"modified":"2016-03-23T16:43:12","modified_gmt":"2016-03-23T19:43:12","slug":"enrique-vaquie-el-acuerdo-mendoza-san-juan-sigue-vigente-aunque-este-ano-no-se-firme-el-acta","status":"publish","type":"post","link":"https:\/\/www.mendoza.gov.ar\/prensa\/enrique-vaquie-el-acuerdo-mendoza-san-juan-sigue-vigente-aunque-este-ano-no-se-firme-el-acta\/","title":{"rendered":"Enrique Vaqui\u00e9: \u201cEl acuerdo Mendoza-San Juan sigue vigente aunque este a\u00f1o no se firme el acta\u201d"},"content":{"rendered":"<!DOCTYPE html PUBLIC \"-\/\/W3C\/\/DTD HTML 4.0 Transitional\/\/EN\" \"http:\/\/www.w3.org\/TR\/REC-html40\/loose.dtd\">\n<html><body><p>El ministro de Econom&iacute;a, Infraestructura y Energ&iacute;a, Enrique Vaqui&eacute;, explic&oacute; los principales puntos de la reglamentaci&oacute;n vigente para diversificaci&oacute;n vitivin&iacute;cola durante esta temporada que, seg&uacute;n la Ley 6.226, contempla destinar a mosto 20% de producci&oacute;n, muy cerca del 21% que contemplaba el acuerdo en caso de haberse firmado.<\/p>\n<p>Uno de los puntos m&aacute;s importantes de la pauta, que subray&oacute; el funcionario, hace foco en que los productores que perdieron m&aacute;s del 50% de su cosecha por incidentes clim&aacute;ticos no est&aacute;n obligados a diversificar. Para el c&aacute;lculo, se tomar&aacute; el promedio de los &uacute;ltimos 10 a&ntilde;os de cosecha normal y se confrontar&aacute; con el volumen&nbsp; actual. Este mecanismo atiende, adem&aacute;s de las p&eacute;rdidas tradicionales por granizo y helada, las producidas por enfermedades criptog&aacute;micas.<\/p>\n<p>En cuanto al incentivo a las exportaciones, Vaqui&eacute; indic&oacute; que el reglamento establece que la equivalencia ser&aacute; de 1,5 litros para los vinos fraccionados y 1 litro por vino a granel.<\/p>\n<p>Otro de los puntos destacados que se&ntilde;al&oacute; el ministro es que el Gobierno provincial intervendr&aacute; y controlar&aacute; que no haya ning&uacute;n tipo de abuso en las transferencias de cupos de mosto y exportaci&oacute;n.<\/p>\n<p><strong>Conversaciones con San Juan<\/strong><\/p>\n<p>El ministro se lament&oacute; por no s&oacute;lo por la complejidad de las condiciones clim&aacute;ticas que debi&oacute; afrontar la provincia sino tambi&eacute;n por no haber podido alcanzar un acuerdo con el gobierno sanjuanino.<\/p>\n<p>En ese sentido, subray&oacute;: &ldquo;Hicimos todo el esfuerzo posible, fuimos manteniendo reuniones con todos los actores de la provincia, primero, para consensuar la propuesta. Luego, nos reunimos en varias oportunidades con el ministro de Econom&iacute;a de San Juan, Andr&eacute;s D&iacute;az Cano, quien hab&iacute;a expresado coincidencias con la propuesta&rdquo;.<\/p>\n<p>Vaqui&eacute; sostuvo: &ldquo;Quer&iacute;amos que se transparentara la situaci&oacute;n que se estaba ocasionando en los &uacute;ltimos a&ntilde;os y que la diversificaci&oacute;n para exportaciones que originariamente hac&iacute;a Mendoza, a partir del art&iacute;culo 9 del Acuerdo, quedara expresa, tal como marca el esp&iacute;ritu del tratado&rdquo;.<\/p>\n<p>Fue precisamente este punto el que hizo dar marcha atr&aacute;s a las conversaciones entre los gobiernos. &ldquo;El mismo d&iacute;a de la Vendimia nos encontramos con funcionarios y c&aacute;maras sanjuaninas y mendocinas. Hubo coincidencias pero finalmente no se avanz&oacute;&rdquo;, record&oacute; Vaqui&eacute;, quien pretende dar se&ntilde;ales claras a un sector que ha tenido problemas durante los &uacute;ltimos a&ntilde;os. &ldquo;El porcentaje para mosto cada a&ntilde;o no es suficiente para que la industria vitivin&iacute;cola sea sustentable en&nbsp;los pr&oacute;ximos a&ntilde;os y por eso es m&aacute;s que necesario empezar a poner en el papel que las exportaci&oacute;n equivale a producir mosto&rdquo;, agreg&oacute;.<\/p>\n<\/body><\/html>\n","protected":false},"excerpt":{"rendered":"En una conferencia de prensa junto a entidades vitivin\u00edcolas, el ministro de Econom\u00eda, Infraestructura y Energ\u00eda dio detalles de la diversificaci\u00f3n vitivin\u00edcola 2016. ","protected":false},"author":3,"featured_media":51239,"comment_status":"open","ping_status":"open","sticky":false,"template":"","format":"standard","meta":[],"categories":[1],"tags":[],"_links":{"self":[{"href":"https:\/\/www.mendoza.gov.ar\/prensa\/wp-json\/wp\/v2\/posts\/51238"}],"collection":[{"href":"https:\/\/www.mendoza.gov.ar\/prensa\/wp-json\/wp\/v2\/posts"}],"about":[{"href":"https:\/\/www.mendoza.gov.ar\/prensa\/wp-json\/wp\/v2\/types\/post"}],"author":[{"embeddable":true,"href":"https:\/\/www.mendoza.gov.ar\/prensa\/wp-json\/wp\/v2\/users\/3"}],"replies":[{"embeddable":true,"href":"https:\/\/www.mendoza.gov.ar\/prensa\/wp-json\/wp\/v2\/comments?post=51238"}],"version-history":[{"count":0,"href":"https:\/\/www.mendoza.gov.ar\/prensa\/wp-json\/wp\/v2\/posts\/51238\/revisions"}],"wp:featuredmedia":[{"embeddable":true,"href":"https:\/\/www.mendoza.gov.ar\/prensa\/wp-json\/wp\/v2\/media\/51239"}],"wp:attachment":[{"href":"https:\/\/www.mendoza.gov.ar\/prensa\/wp-json\/wp\/v2\/media?parent=51238"}],"wp:term":[{"taxonomy":"category","embeddable":true,"href":"https:\/\/www.mendoza.gov.ar\/prensa\/wp-json\/wp\/v2\/categories?post=51238"},{"taxonomy":"post_tag","embeddable":true,"href":"https:\/\/www.mendoza.gov.ar\/prensa\/wp-json\/wp\/v2\/tags?post=51238"}],"curies":[{"name":"wp","href":"https:\/\/api.w.org\/{rel}","templated":true}]}}