{"id":51271,"date":"2016-03-24T12:00:38","date_gmt":"2016-03-24T15:00:38","guid":{"rendered":"http:\/\/prensa.mendoza.gov.ar\/?p=51271"},"modified":"2016-03-24T12:00:38","modified_gmt":"2016-03-24T15:00:38","slug":"intensifican-control-en-barreras-sanitarias-durante-el-fin-de-semana-largo","status":"publish","type":"post","link":"https:\/\/www.mendoza.gov.ar\/prensa\/intensifican-control-en-barreras-sanitarias-durante-el-fin-de-semana-largo\/","title":{"rendered":"Intensifican control en Barreras Sanitarias durante el fin de semana largo"},"content":{"rendered":"<!DOCTYPE html PUBLIC \"-\/\/W3C\/\/DTD HTML 4.0 Transitional\/\/EN\" \"http:\/\/www.w3.org\/TR\/REC-html40\/loose.dtd\">\n<html><body><p>La colaboraci&oacute;n de la poblaci&oacute;n al regresar a la provincia, es un factor determinante a la hora de agilizar el tr&aacute;nsito y evitar demoras en los puestos de Barreras Sanitarias. Por ello es necesario evitar traer productos que comprometan el patrimonio fitosanitario mendocino.<\/p>\n<p>Plagas desconocidas y otras sobre las que se trabaja para su erradicaci&oacute;n o control en el territorio provincial, pueden ser introducidas desde diferentes regiones de Argentina y el exterior, generando perdidas de sanidad y calidad para los productos locales.<\/p>\n<p>Mendoza, es una de las principales provincias agropecuarias de Argentina, ya que sus m&aacute;s de 300 mil hect&aacute;reas la convierten en la primera productora vit&iacute;cola y frut&iacute;cola del pa&iacute;s. Para la protecci&oacute;n de sus cultivos, la provincia implementa un sistema integrado para el control de plagas agr&iacute;colas, cuyo fin es minimizar el uso de agroqu&iacute;micos en suelo mendocino reduciendo riesgos para la salud humana y del medio ambiente.<\/p>\n<p>Actualmente, el 70% del territorio mendocino es reconocido libre de moscas de los frutos. Estatus que permite mayores mercados para la producci&oacute;n agr&iacute;cola provincial.<\/p>\n<p>Las siguientes especies vegetales tienen restringido el ingreso al territorio provincial, ya que pueden ser atacadas por mosca del Mediterr&aacute;neo y otras plagas de importancia econ&oacute;mica: Ar&aacute;ndano, Babaco, Carambola, Cerezo, Chirimoya, Ciruelo, C&iacute;tricos (cidra, calamond&iacute;n, kumquat, lima dulce, lima, mandarina, mineola, naranja, naranja agria, pomelo), Damasco, Durazno, Frambuesa, Granada, Guanabana, Guayaba, Higo, Kiwi, Kaki, Litchi, Locoto, L&uacute;cuma, Mango, Manzana, Maracuy&aacute;, Membrillo, Nectarina, N&iacute;spero, Olivo maduro, Palta (excepto variedad hass), Papaya, Pasionaria, Pepino dulce, Pera, Pimiento, Tomate de &aacute;rbol, Tuna, Uchuba y Uva.<\/p>\n<\/body><\/html>\n","protected":false},"excerpt":{"rendered":"A ra\u00edz del incremento del tr\u00e1nsito desde y hacia Mendoza que se espera para los pr\u00f3ximos d\u00edas, Iscamen le recuerda a quienes viajen fuera de la provincia, que a efectos de proteger la producci\u00f3n agr\u00edcola, no se permite el ingreso a territorio mendocino de frutas y hortalizas en veh\u00edculos particulares, ni encomiendas.","protected":false},"author":3,"featured_media":0,"comment_status":"open","ping_status":"open","sticky":false,"template":"","format":"standard","meta":[],"categories":[1],"tags":[],"_links":{"self":[{"href":"https:\/\/www.mendoza.gov.ar\/prensa\/wp-json\/wp\/v2\/posts\/51271"}],"collection":[{"href":"https:\/\/www.mendoza.gov.ar\/prensa\/wp-json\/wp\/v2\/posts"}],"about":[{"href":"https:\/\/www.mendoza.gov.ar\/prensa\/wp-json\/wp\/v2\/types\/post"}],"author":[{"embeddable":true,"href":"https:\/\/www.mendoza.gov.ar\/prensa\/wp-json\/wp\/v2\/users\/3"}],"replies":[{"embeddable":true,"href":"https:\/\/www.mendoza.gov.ar\/prensa\/wp-json\/wp\/v2\/comments?post=51271"}],"version-history":[{"count":0,"href":"https:\/\/www.mendoza.gov.ar\/prensa\/wp-json\/wp\/v2\/posts\/51271\/revisions"}],"wp:attachment":[{"href":"https:\/\/www.mendoza.gov.ar\/prensa\/wp-json\/wp\/v2\/media?parent=51271"}],"wp:term":[{"taxonomy":"category","embeddable":true,"href":"https:\/\/www.mendoza.gov.ar\/prensa\/wp-json\/wp\/v2\/categories?post=51271"},{"taxonomy":"post_tag","embeddable":true,"href":"https:\/\/www.mendoza.gov.ar\/prensa\/wp-json\/wp\/v2\/tags?post=51271"}],"curies":[{"name":"wp","href":"https:\/\/api.w.org\/{rel}","templated":true}]}}