{"id":51273,"date":"2016-03-26T10:00:07","date_gmt":"2016-03-26T13:00:07","guid":{"rendered":"http:\/\/prensa.mendoza.gov.ar\/?p=51273"},"modified":"2016-03-26T10:00:07","modified_gmt":"2016-03-26T13:00:07","slug":"visita-de-capacitacion-de-tecnicos-de-jujuy-a-los-programas-de-control-de-plagas-de-mendoza","status":"publish","type":"post","link":"https:\/\/www.mendoza.gov.ar\/prensa\/visita-de-capacitacion-de-tecnicos-de-jujuy-a-los-programas-de-control-de-plagas-de-mendoza\/","title":{"rendered":"Visita de capacitaci\u00f3n de t\u00e9cnicos de Jujuy a los programas de control de plagas de Mendoza"},"content":{"rendered":"<!DOCTYPE html PUBLIC \"-\/\/W3C\/\/DTD HTML 4.0 Transitional\/\/EN\" \"http:\/\/www.w3.org\/TR\/REC-html40\/loose.dtd\">\n<html><body><p>Hasta el pr&oacute;ximo mi&eacute;rcoles 23 de marzo, profesionales juje&ntilde;os recorrer&aacute;n las diferentes instalaciones de Iscamen con el inter&eacute;s de conocer c&oacute;mo se desarrollan los diferentes programas de sanidad y calidad vegetal en la provincia.<\/p>\n<p>Durante la tarde de ayer visitaron la Barrera Sanitaria de Desaguadero para interiorizarse sobre el servicio que brindan los inspectores de Iscamen en los l&iacute;mites provinciales, tales como el control de los materiales de propagaci&oacute;n vegetal, control de ingreso de todas las especies de ganado en pie, control de productos agroqu&iacute;micos que ingresan a la provincia y el control del movimiento de recursos naturales renovables (flora y fauna), entre otras.<\/p>\n<p>En tanto que en los d&iacute;as siguientes, visitar&aacute;n la bioplanta de producci&oacute;n de insectos est&eacute;riles de Santa Rosa, donde se producen ejemplares de moscas del Mediterr&aacute;neo que luego se esterilizan para el control ecol&oacute;gico de la misma plaga. Para finalizar, el comit&eacute; de t&eacute;cnicos se capacitar&aacute; en el control biol&oacute;gico de plagas agr&iacute;colas e identificaci&oacute;n de plagas en las instalaciones que el Iscamen dispone en Kil&oacute;metro 8, Guaymall&eacute;n.<\/p>\n<p>La delegaci&oacute;n est&aacute; encabezada por la directora de Control Productivo y Comercial, Patricia R&iacute;os. El AFINOA est&aacute; constituido por productores, empacadores, y exportadores de las provincias de Salta, Tucum&aacute;n, Jujuy y Catamarca.<\/p>\n<\/body><\/html>\n","protected":false},"excerpt":{"rendered":"El Iscamen recibi\u00f3 la visita de autoridades de la Direcci\u00f3n de Control Productivo y Comercial de Jujuy y de la Asociaci\u00f3n Fitosanitaria del Noroeste Argentino (AFINOA), cuyo inter\u00e9s es capacitarse sobre la metodolog\u00eda de trabajo que emplea Mendoza para el control de plagas agr\u00edcolas.","protected":false},"author":3,"featured_media":0,"comment_status":"open","ping_status":"open","sticky":false,"template":"","format":"standard","meta":[],"categories":[1],"tags":[],"_links":{"self":[{"href":"https:\/\/www.mendoza.gov.ar\/prensa\/wp-json\/wp\/v2\/posts\/51273"}],"collection":[{"href":"https:\/\/www.mendoza.gov.ar\/prensa\/wp-json\/wp\/v2\/posts"}],"about":[{"href":"https:\/\/www.mendoza.gov.ar\/prensa\/wp-json\/wp\/v2\/types\/post"}],"author":[{"embeddable":true,"href":"https:\/\/www.mendoza.gov.ar\/prensa\/wp-json\/wp\/v2\/users\/3"}],"replies":[{"embeddable":true,"href":"https:\/\/www.mendoza.gov.ar\/prensa\/wp-json\/wp\/v2\/comments?post=51273"}],"version-history":[{"count":0,"href":"https:\/\/www.mendoza.gov.ar\/prensa\/wp-json\/wp\/v2\/posts\/51273\/revisions"}],"wp:attachment":[{"href":"https:\/\/www.mendoza.gov.ar\/prensa\/wp-json\/wp\/v2\/media?parent=51273"}],"wp:term":[{"taxonomy":"category","embeddable":true,"href":"https:\/\/www.mendoza.gov.ar\/prensa\/wp-json\/wp\/v2\/categories?post=51273"},{"taxonomy":"post_tag","embeddable":true,"href":"https:\/\/www.mendoza.gov.ar\/prensa\/wp-json\/wp\/v2\/tags?post=51273"}],"curies":[{"name":"wp","href":"https:\/\/api.w.org\/{rel}","templated":true}]}}