{"id":51410,"date":"2016-03-28T18:11:55","date_gmt":"2016-03-28T21:11:55","guid":{"rendered":"http:\/\/prensa.mendoza.gov.ar\/?p=51410"},"modified":"2016-03-28T18:11:55","modified_gmt":"2016-03-28T21:11:55","slug":"el-gobernador-solicito-que-se-posterguen-las-obras-en-el-aeropuerto","status":"publish","type":"post","link":"https:\/\/www.mendoza.gov.ar\/prensa\/el-gobernador-solicito-que-se-posterguen-las-obras-en-el-aeropuerto\/","title":{"rendered":"El Gobernador solicit\u00f3 que se posterguen las obras en el Aeropuerto"},"content":{"rendered":"<!DOCTYPE html PUBLIC \"-\/\/W3C\/\/DTD HTML 4.0 Transitional\/\/EN\" \"http:\/\/www.w3.org\/TR\/REC-html40\/loose.dtd\">\n<html><body><p>El Gobernador Alfredo Cornejo pidi&oacute; a las autoridades aeroportuarias que reconsideren la medida de cerrar el aeropuerto principal de la provincia.<\/p>\n<p>El aeropuerto mendocino&nbsp;El Plumerillo&nbsp;es el cuarto en importancia del pa&iacute;s y tiene potencial para seguir creciendo y fortalecer su rol en el sistema nacional aeroportuario. Atiende aproximadamente a un mill&oacute;n de pasajeros al a&ntilde;o, cuenta con vuelos de cabotaje e internacionales y est&aacute; en la mira de al menos tres aerol&iacute;neas que est&aacute;n ampliando sus mercados latinoamericanos.<\/p>\n<p>Por ese motivo, el Ministerio de Transporte de la Naci&oacute;n inform&oacute; que en mayo de 2013 comenz&oacute; la ejecuci&oacute;n de un plan de obras previstas en cinco&nbsp;etapas, que elevar&aacute;n el nivel de servicio, con el objetivo de satisfacer la demanda de los usuarios. Ya se ampli&oacute; y remodel&oacute; la terminal de pasajeros. Restan las etapas 4 y 5, que corresponden a las &ldquo;Obras Lado Aire&rdquo;, que abarcan trabajos en la pista, calles de rodaje, plataforma y balizamiento.<\/p>\n<p>Seg&uacute;n el informe de las autoridades nacionales, el aeropuerto cuenta con una sola pista que incluye el tramo de la Cuarta Brigada A&eacute;rea. La obra necesariamente implica suspender las operaciones por al menos dos meses.<\/p>\n<p>El aeropuerto, si bien est&aacute; dentro de nuestra geograf&iacute;a, es territorio nacional y las autoridades competentes en materia de aviaci&oacute;n aerocomercial y de control de aeropuertos son la ANAC (Administraci&oacute;n Nacional de Aviaci&oacute;n Civil Argentina) y el ORSNA (&Oacute;rgano Regulador del Sistema Nacional de Aeropuertos), ambos dependientes del Ministerio de Transporte de la Naci&oacute;n.<\/p>\n<p>Las autoridades provinciales consideran que esta, como cualquier obra de infraestructura, es bienvenida porque mejora la seguridad y la capacidad operativa del aeropuerto y en definitiva hace a una mejor conectividad, que influye positivamente en el desarrollo de la provincia en general. El inconveniente radica en que no se ha informado en tiempo y forma, tanto al Gobierno provincial como a los sectores privados -cuyas actividades econ&oacute;micas est&aacute;n sujetas a la aviaci&oacute;n aerocomercial- y naturalmente a todos los ciudadanos que utilizan el avi&oacute;n por distintos motivos, ya sean vacacionales, laborales o de salud.<\/p>\n<p>Cuando a las autoridades de la provincia se les informa -de forma tard&iacute;a- que el cierre del aeropuerto local se producir&iacute;a entre setiembre y diciembre de este a&ntilde;o, el Gobernador Alfredo Cornejo solicit&oacute; la reconsideraci&oacute;n para que las obras comiencen a fines del mes de marzo de 2017, abarcando un periodo que, por ejemplo, en materia tur&iacute;stica presenta menor demanda que la primavera.<\/p>\n<p>Para cuando se decida el cierre del aeropuerto, las autoridades nacionales deber&aacute;n tener resuelto los aeropuertos alternativos a los que ser&aacute;n desviados los vuelos programados a Mendoza, como tambi&eacute;n aspectos operativos que incluyen el traslado de pasajeros a la Ciudad de Mendoza. Se recuerda un antecedente de cierre del aeropuerto mendocino, realizado en la d&eacute;cada del 90 en ocasi&oacute;n de la construcci&oacute;n de la nueva terminal aeroportuaria, momento en que se oper&oacute; con el aeropuerto sanjuanino como alternativo.<\/p>\n<p>En estos momentos, el Ministerio de Transporte de la Naci&oacute;n analiza&nbsp;el&nbsp;pedido de Cornejo y est&aacute; a la espera de los informes t&eacute;cnicos de las aerol&iacute;neas que operan en el aeropuerto de Mendoza, para analizar si est&aacute;n dadas las condiciones para postergar la obra, y as&iacute; dar tiempo tanto al Gobierno como al sector privado de tomar las previsiones necesarias para atenuar el impacto que significar&iacute;a cerrar el aeropuerto.<\/p>\n<p>De acuerdo con el&nbsp;informe remitido por el Ministerio de Transporte de la Naci&oacute;n, el&nbsp;detalle de las obras a realizarse en el corto plazo es&nbsp;el&nbsp;siguiente:<\/p>\n<ul>\n<li>Demolici&oacute;n&nbsp;y&nbsp;reconstrucci&oacute;n&nbsp;de&nbsp;la pista en&nbsp;hormig&oacute;n armado, abarcando la faja central en un ancho de&nbsp;18 metros&nbsp;a&nbsp;lo&nbsp;largo&nbsp;de&nbsp;toda&nbsp;la&nbsp;pista.<\/li>\n<li>Instalaci&oacute;n de luces de eje&nbsp;de pista (<em>centerline<\/em>)&nbsp;y&nbsp;un nuevo sistema de luces de aproximaci&oacute;n.<\/li>\n<li>Trabajos&nbsp;de&nbsp;reparaci&oacute;n&nbsp;de&nbsp;las&nbsp;calles&nbsp;de&nbsp;rodaje&nbsp;y&nbsp;la&nbsp;ampliaci&oacute;n&nbsp;de&nbsp;la&nbsp;plataforma comercial.<\/li>\n<\/ul>\n<p>&nbsp;<\/p>\n<\/body><\/html>\n","protected":false},"excerpt":{"rendered":"El Ministerio de Transporte de la Naci\u00f3n est\u00e1 a la espera de los informes t\u00e9cnicos operativos de las aerol\u00edneas que operan en el aeropuerto de Mendoza, para analizar si est\u00e1n dadas las condiciones para postergar las obras en la pista de El Plumerillo.","protected":false},"author":3,"featured_media":48653,"comment_status":"open","ping_status":"open","sticky":false,"template":"","format":"standard","meta":[],"categories":[37,19],"tags":[],"_links":{"self":[{"href":"https:\/\/www.mendoza.gov.ar\/prensa\/wp-json\/wp\/v2\/posts\/51410"}],"collection":[{"href":"https:\/\/www.mendoza.gov.ar\/prensa\/wp-json\/wp\/v2\/posts"}],"about":[{"href":"https:\/\/www.mendoza.gov.ar\/prensa\/wp-json\/wp\/v2\/types\/post"}],"author":[{"embeddable":true,"href":"https:\/\/www.mendoza.gov.ar\/prensa\/wp-json\/wp\/v2\/users\/3"}],"replies":[{"embeddable":true,"href":"https:\/\/www.mendoza.gov.ar\/prensa\/wp-json\/wp\/v2\/comments?post=51410"}],"version-history":[{"count":0,"href":"https:\/\/www.mendoza.gov.ar\/prensa\/wp-json\/wp\/v2\/posts\/51410\/revisions"}],"wp:featuredmedia":[{"embeddable":true,"href":"https:\/\/www.mendoza.gov.ar\/prensa\/wp-json\/wp\/v2\/media\/48653"}],"wp:attachment":[{"href":"https:\/\/www.mendoza.gov.ar\/prensa\/wp-json\/wp\/v2\/media?parent=51410"}],"wp:term":[{"taxonomy":"category","embeddable":true,"href":"https:\/\/www.mendoza.gov.ar\/prensa\/wp-json\/wp\/v2\/categories?post=51410"},{"taxonomy":"post_tag","embeddable":true,"href":"https:\/\/www.mendoza.gov.ar\/prensa\/wp-json\/wp\/v2\/tags?post=51410"}],"curies":[{"name":"wp","href":"https:\/\/api.w.org\/{rel}","templated":true}]}}