{"id":51445,"date":"2016-03-29T11:58:58","date_gmt":"2016-03-29T14:58:58","guid":{"rendered":"http:\/\/prensa.mendoza.gov.ar\/?p=51445"},"modified":"2016-03-29T11:58:58","modified_gmt":"2016-03-29T14:58:58","slug":"emergencia-agropecuaria-gestionan-fondos-en-la-nacion-para-compensar-danos-en-cultivos","status":"publish","type":"post","link":"https:\/\/www.mendoza.gov.ar\/prensa\/emergencia-agropecuaria-gestionan-fondos-en-la-nacion-para-compensar-danos-en-cultivos\/","title":{"rendered":"Emergencia agropecuaria: gestionan fondos en la Naci\u00f3n para compensar da\u00f1os en cultivos"},"content":{"rendered":"<!DOCTYPE html PUBLIC \"-\/\/W3C\/\/DTD HTML 4.0 Transitional\/\/EN\" \"http:\/\/www.w3.org\/TR\/REC-html40\/loose.dtd\">\n<html><body><div>El subsecretario de Agricultura y Ganader&iacute;a, Alfredo Aciar, viaj&oacute; a la Capital Federal para solicitar al Fondo Nacional de Emergencia Agropecuaria un apoyo financiero para los productores mendocinos afectados por las inclemencias clim&aacute;ticas, lo que ha mermado sus cosechas.<\/div>\n<div><span lang=\"ES-AR\">&nbsp;<\/span><\/div>\n<div><span lang=\"ES-AR\">El organismo nacional cuenta con un presupuesto cercano a $500 millones para distribuir entre todas las provincias que, por incidentes clim&aacute;ticos, tambi&eacute;n han sufrido p&eacute;rdidas en sus cultivos.<\/span><\/div>\n<div><span lang=\"ES-AR\">&nbsp;<\/span><\/div>\n<div><span lang=\"ES-AR\">Seg&uacute;n el relevamiento del Instituto de Desarrollo Rural, la p&eacute;rdida de la producci&oacute;n est&aacute; valuada en los $3.000 millones. Esa cifra, fundamentada t&eacute;cnicamente, fue llevada al Ministerio de Agroindustria de la Naci&oacute;n para que se interioricen fehacientemente de la situaci&oacute;n mendocina.<\/span><\/div>\n<div><span lang=\"ES-AR\">&nbsp;<\/span><\/div>\n<div><span lang=\"ES-AR\">En este contexto, Aciar cuantificar&aacute; los da&ntilde;os ante la Comisi&oacute;n de Emergencia Agropecuaria y el organismo definir&aacute; cu&aacute;nto dinero asignar&aacute; a la provincia para paliar la situaci&oacute;n que afecta a la producci&oacute;n vit&iacute;cola y frut&iacute;cola, entre otras.<\/span><\/div>\n<div><span lang=\"ES-AR\">&nbsp;<\/span><\/div>\n<div><span lang=\"ES-AR\">Tras el encuentro y la obtenci&oacute;n de una respuesta favorable para la provincia, el Ministerio de Econom&iacute;a, Infraestructura y Energ&iacute;a deber&aacute; poner en marcha un programa para reasignar esos fondos, luego de un an&aacute;lisis exhaustivo de las necesidades del sector.&nbsp;<\/span><\/div>\n<div><span lang=\"ES-AR\">&nbsp;<\/span><\/div>\n<div><b><span lang=\"ES-AR\">Otras gestiones por deudas<\/span><\/b><\/div>\n<div><span lang=\"ES-AR\">&nbsp;<\/span><\/div>\n<div><span lang=\"ES-AR\">Aprovechando su estad&iacute;a en la Capital Federal, el subsecretario Aciar comenz&oacute; con las gestiones para prorrogar el pago de diversos convenios que se iniciaron durante la gesti&oacute;n anterior y quedaron sin resolver.<\/span><\/div>\n<div><span lang=\"ES-AR\">&nbsp;<\/span><\/div>\n<div><span lang=\"ES-AR\">Entre otros, est&aacute;n incluidos el subsidio de $0,75 por kilo de uva para mosto, en los que la deuda asciende a $3 millones; tambi&eacute;n el de $1 por litro de vino exportado, que suma $8 millones m&aacute;s; un&nbsp; subsidio para cosecha y acarreo que alcanza los $ 20 millones y otro del durazno de industria que data de 2011 y que la Provincia a&uacute;n no ha rendido.<\/span><\/div>\n<div><span lang=\"ES-AR\">&nbsp;<\/span><\/div>\n<div><span lang=\"ES-AR\">&ldquo;Con la firma del gobernador Cornejo llevamos un pedido de pr&oacute;rroga de viejos convenios entre Naci&oacute;n y Provincia que est&aacute;n vencidos, no fueron resueltos y corresponden a distintas pol&iacute;ticas del Gobierno anterior respecto a la vitivinicultura&rdquo;, explic&oacute; el subsecretario, que adem&aacute;s detall&oacute; que el objetivo es &ldquo;poder cerrar estos temas para generar nuevos fondos para productores&rdquo;.<\/span><\/div>\n<div><\/div>\n<div dir=\"ltr\"><span lang=\"ES-AR\">Hay que recordar que, en&nbsp;febrero de este a&ntilde;o, la actual gesti&oacute;n abon&oacute; $14 millones que se adeudaban del Fondo Solidario Agr&iacute;cola, cuyos beneficiarios, 424 productores, ya recibieron los cheques correspondientes a las p&eacute;rdidas de la temporada 2014\/15.<\/span><\/div>\n<\/body><\/html>\n","protected":false},"excerpt":{"rendered":"Es para afectados por helada, granizo y enfermedades criptog\u00e1micas. Se estima que la p\u00e9rdida de la producci\u00f3n alcanza los $3.000 millones.","protected":false},"author":3,"featured_media":51455,"comment_status":"open","ping_status":"open","sticky":false,"template":"","format":"standard","meta":[],"categories":[1],"tags":[],"_links":{"self":[{"href":"https:\/\/www.mendoza.gov.ar\/prensa\/wp-json\/wp\/v2\/posts\/51445"}],"collection":[{"href":"https:\/\/www.mendoza.gov.ar\/prensa\/wp-json\/wp\/v2\/posts"}],"about":[{"href":"https:\/\/www.mendoza.gov.ar\/prensa\/wp-json\/wp\/v2\/types\/post"}],"author":[{"embeddable":true,"href":"https:\/\/www.mendoza.gov.ar\/prensa\/wp-json\/wp\/v2\/users\/3"}],"replies":[{"embeddable":true,"href":"https:\/\/www.mendoza.gov.ar\/prensa\/wp-json\/wp\/v2\/comments?post=51445"}],"version-history":[{"count":0,"href":"https:\/\/www.mendoza.gov.ar\/prensa\/wp-json\/wp\/v2\/posts\/51445\/revisions"}],"wp:featuredmedia":[{"embeddable":true,"href":"https:\/\/www.mendoza.gov.ar\/prensa\/wp-json\/wp\/v2\/media\/51455"}],"wp:attachment":[{"href":"https:\/\/www.mendoza.gov.ar\/prensa\/wp-json\/wp\/v2\/media?parent=51445"}],"wp:term":[{"taxonomy":"category","embeddable":true,"href":"https:\/\/www.mendoza.gov.ar\/prensa\/wp-json\/wp\/v2\/categories?post=51445"},{"taxonomy":"post_tag","embeddable":true,"href":"https:\/\/www.mendoza.gov.ar\/prensa\/wp-json\/wp\/v2\/tags?post=51445"}],"curies":[{"name":"wp","href":"https:\/\/api.w.org\/{rel}","templated":true}]}}