{"id":51502,"date":"2016-03-29T16:39:47","date_gmt":"2016-03-29T19:39:47","guid":{"rendered":"http:\/\/prensa.mendoza.gov.ar\/?p=51502"},"modified":"2016-03-29T16:39:47","modified_gmt":"2016-03-29T19:39:47","slug":"el-instituto-de-desarrollo-comercial-se-trasladara-a-ciudad","status":"publish","type":"post","link":"https:\/\/www.mendoza.gov.ar\/prensa\/el-instituto-de-desarrollo-comercial-se-trasladara-a-ciudad\/","title":{"rendered":"El Instituto de Desarrollo Comercial se trasladar\u00e1 a Ciudad"},"content":{"rendered":"<!DOCTYPE html PUBLIC \"-\/\/W3C\/\/DTD HTML 4.0 Transitional\/\/EN\" \"http:\/\/www.w3.org\/TR\/REC-html40\/loose.dtd\">\n<html><body><p>El Instituto de Desarrollo Comercial (IDC), &oacute;rgano dependiente del Ministerio de Econom&iacute;a, Infraestructura y Energ&iacute;a, informa que a partir del mes de mayo pr&oacute;ximo trasladar&aacute; sus instalaciones a un nuevo edificio en Ciudad de Mendoza.<\/p>\n<p>Siguiendo con la pol&iacute;tica de austeridad planteada por el actual Gobierno de la provincia, es que el IDC estar&aacute; brindando sus servicios en un espacio completamente renovado perteneciente al gobierno de la provincia en calle San Mart&iacute;n 1027, primer piso, de la Galer&iacute;a Piazza en Capital.<\/p>\n<p>El gerente general del IDC, Daniel Dimartino, destac&oacute; que &ldquo;la nueva gesti&oacute;n gubernamental hizo hincapi&eacute; en trabajar austeramente y a eso apuntamos. Las nuevas oficinas son parte del patrimonio provincial y dependen del Fondo para la Transformaci&oacute;n. De esta manera ya estamos ahorrando dinero que puede ser destinada a acciones concretas en beneficio del sector comercial de la mendocino&rdquo;.<\/p>\n<p>Para acceder a las nuevas instalaciones, todos aquellos interesados podr&aacute;n hacerlo a partir de mediados del mes de mayo ingresando por la entrada principal de la Galer&iacute;a Piazza en calle San Mart&iacute;n y accediendo al primer piso del edificio donde funcionar&aacute; el instituto.<\/p>\n<p>A trav&eacute;s de la p&aacute;gina web del IDC se estar&aacute; informando debidamente el d&iacute;a correcto en el que se realizar&aacute; el cambio de domicilio con el fin de ocasionar el menor perjuicio a sus beneficiarios.<\/p>\n<\/body><\/html>\n","protected":false},"excerpt":{"rendered":"Desde mediados de mayo brindar\u00e1 sus servicios en calle San Mart\u00edn 1027, primer piso de la Galer\u00eda Piazza. ","protected":false},"author":3,"featured_media":0,"comment_status":"open","ping_status":"open","sticky":false,"template":"","format":"standard","meta":[],"categories":[1],"tags":[],"_links":{"self":[{"href":"https:\/\/www.mendoza.gov.ar\/prensa\/wp-json\/wp\/v2\/posts\/51502"}],"collection":[{"href":"https:\/\/www.mendoza.gov.ar\/prensa\/wp-json\/wp\/v2\/posts"}],"about":[{"href":"https:\/\/www.mendoza.gov.ar\/prensa\/wp-json\/wp\/v2\/types\/post"}],"author":[{"embeddable":true,"href":"https:\/\/www.mendoza.gov.ar\/prensa\/wp-json\/wp\/v2\/users\/3"}],"replies":[{"embeddable":true,"href":"https:\/\/www.mendoza.gov.ar\/prensa\/wp-json\/wp\/v2\/comments?post=51502"}],"version-history":[{"count":0,"href":"https:\/\/www.mendoza.gov.ar\/prensa\/wp-json\/wp\/v2\/posts\/51502\/revisions"}],"wp:attachment":[{"href":"https:\/\/www.mendoza.gov.ar\/prensa\/wp-json\/wp\/v2\/media?parent=51502"}],"wp:term":[{"taxonomy":"category","embeddable":true,"href":"https:\/\/www.mendoza.gov.ar\/prensa\/wp-json\/wp\/v2\/categories?post=51502"},{"taxonomy":"post_tag","embeddable":true,"href":"https:\/\/www.mendoza.gov.ar\/prensa\/wp-json\/wp\/v2\/tags?post=51502"}],"curies":[{"name":"wp","href":"https:\/\/api.w.org\/{rel}","templated":true}]}}