{"id":51511,"date":"2016-03-29T18:47:26","date_gmt":"2016-03-29T21:47:26","guid":{"rendered":"http:\/\/prensa.mendoza.gov.ar\/?p=51511"},"modified":"2016-03-29T18:47:26","modified_gmt":"2016-03-29T21:47:26","slug":"astorga-brindo-detalles-de-la-lucha-antigranizo-frente-a-legisladores","status":"publish","type":"post","link":"https:\/\/www.mendoza.gov.ar\/prensa\/astorga-brindo-detalles-de-la-lucha-antigranizo-frente-a-legisladores\/","title":{"rendered":"Astorga brind\u00f3 detalles de la lucha antigranizo frente a legisladores\u00a0"},"content":{"rendered":"<!DOCTYPE html PUBLIC \"-\/\/W3C\/\/DTD HTML 4.0 Transitional\/\/EN\" \"http:\/\/www.w3.org\/TR\/REC-html40\/loose.dtd\">\n<html><body><p>El encuentro se realiz&oacute; en el marco de la Resoluci&oacute;n aprobada por la C&aacute;mara de Diputados que solicita al Poder Ejecutivo la declaraci&oacute;n de Emergencia Econ&oacute;mica y Social en los distritos afectados por tormentas graniceras y contingencias clim&aacute;ticas en los &uacute;ltimos meses de los departamentos de Maip&uacute;, San Mart&iacute;n, Jun&iacute;n, Rivadavia, Santa Rosa y La Paz.<\/p>\n<p>Astorga repas&oacute; el trabajo realizado al fundamentar que se ha vivido &ldquo;un a&ntilde;o complicado&rdquo;, ya que los efectos del fen&oacute;meno clim&aacute;tico &ldquo;El Ni&ntilde;o&rdquo; afectaron gran parte de los cultivos y con una incidencia mayor o igual a la de la temporada 2005.<\/p>\n<p>El funcionario sostuvo que &ldquo;los promedios de lluvia han superado ampliamente los hist&oacute;ricos, precipit&aacute;ndose mucha agua en pocos minutos&rdquo; con las consecuencias que esto trae, y entendiendo que la agricultura mendocina no est&aacute; totalmente preparada ni acostumbrada a ello, adem&aacute;s de falencias de infraestructura que se pretenden corregir para la pr&oacute;xima temporada.<\/p>\n<p>Entre los n&uacute;meros expuestos por el funcionario, se desprende que las hect&aacute;reas afectadas alcanzaron las 28.000, de las cuales 18.000 se encuentran en estado de emergencia por da&ntilde;os mayores al 50% y las 9.000 restantes catalogadas como desastre por da&ntilde;os mayores al 80%. Todo ello totaliz&oacute; 650 horas de vuelo y 432 tormentas sembradas.<\/p>\n<p>Con respecto al material pirot&eacute;cnico, Astorga indic&oacute; que ha sido recibido de manera espaciada y en menor cantidad, fundamentalmente en los meses de diciembre y enero, que son los m&aacute;s azotados por las tormentas.<\/p>\n<p>En este sentido, el funcionario anticip&oacute; que revisar&aacute;n el contrato con la empresa proveedora de las bengalas de ioduro de plata, adem&aacute;s de hacer uso de la opci&oacute;n referida a la toma o no del 20% m&aacute;s de insumos (consignada en la letra de la licitaci&oacute;n anterior). Astorga subray&oacute; que, para la pr&oacute;xima temporada, se prev&eacute; mayor cantidad de insumos pactando una entrega total o tres parciales con el objeto de disponer del material y no atravesar situaciones cr&iacute;ticas o disminuir la posibilidad de ellas.<\/p>\n<p>En lo que respecta al personal, el funcionario sostuvo que precisa de mayor cantidad de recurso humano y especializado, adem&aacute;s de lograr que se realicen capacitaciones constantes a pilotos y radaristas. Tambi&eacute;n solicit&oacute; mejoras en los sistemas inform&aacute;ticos y tecnol&oacute;gicos para un relevo r&aacute;pido y constante de zonas afectadas.<\/p>\n<p>Astorga remarc&oacute; que &ldquo;es una carrera contra el tiempo. En 100 d&iacute;as he tratado de ordenar lo que m&aacute;s he podido, fundamentalmente desde lo t&eacute;cnico; aunque nos quedan grandes desaf&iacute;os&rdquo; y agreg&oacute; que es objeto de preocupaci&oacute;n el cierre de las pistas de El Plumerillo, y las fechas en las que se produzca, ya que el aeropuerto no tiene pistas alternativas.<\/p>\n<\/body><\/html>\n","protected":false},"excerpt":{"rendered":"El director de Agricultura y Contingencias Clim\u00e1ticas, Oscar Astorga, se reuni\u00f3 con los integrantes de la Comisi\u00f3n de Econom\u00eda con el fin de abordar temas relacionados a la lucha antigranizo de la presente temporada, capacitaci\u00f3n del personal, objetivos cumplidos y necesidades del sistema implementado.","protected":false},"author":3,"featured_media":51512,"comment_status":"open","ping_status":"open","sticky":false,"template":"","format":"standard","meta":[],"categories":[1],"tags":[],"_links":{"self":[{"href":"https:\/\/www.mendoza.gov.ar\/prensa\/wp-json\/wp\/v2\/posts\/51511"}],"collection":[{"href":"https:\/\/www.mendoza.gov.ar\/prensa\/wp-json\/wp\/v2\/posts"}],"about":[{"href":"https:\/\/www.mendoza.gov.ar\/prensa\/wp-json\/wp\/v2\/types\/post"}],"author":[{"embeddable":true,"href":"https:\/\/www.mendoza.gov.ar\/prensa\/wp-json\/wp\/v2\/users\/3"}],"replies":[{"embeddable":true,"href":"https:\/\/www.mendoza.gov.ar\/prensa\/wp-json\/wp\/v2\/comments?post=51511"}],"version-history":[{"count":0,"href":"https:\/\/www.mendoza.gov.ar\/prensa\/wp-json\/wp\/v2\/posts\/51511\/revisions"}],"wp:featuredmedia":[{"embeddable":true,"href":"https:\/\/www.mendoza.gov.ar\/prensa\/wp-json\/wp\/v2\/media\/51512"}],"wp:attachment":[{"href":"https:\/\/www.mendoza.gov.ar\/prensa\/wp-json\/wp\/v2\/media?parent=51511"}],"wp:term":[{"taxonomy":"category","embeddable":true,"href":"https:\/\/www.mendoza.gov.ar\/prensa\/wp-json\/wp\/v2\/categories?post=51511"},{"taxonomy":"post_tag","embeddable":true,"href":"https:\/\/www.mendoza.gov.ar\/prensa\/wp-json\/wp\/v2\/tags?post=51511"}],"curies":[{"name":"wp","href":"https:\/\/api.w.org\/{rel}","templated":true}]}}