{"id":51657,"date":"2016-03-31T13:32:17","date_gmt":"2016-03-31T16:32:17","guid":{"rendered":"http:\/\/prensa.mendoza.gov.ar\/?p=51657"},"modified":"2016-03-31T13:32:17","modified_gmt":"2016-03-31T16:32:17","slug":"cornejo-queremos-volver-a-poner-a-mendoza-en-la-vanguardia-de-las-energias","status":"publish","type":"post","link":"https:\/\/www.mendoza.gov.ar\/prensa\/cornejo-queremos-volver-a-poner-a-mendoza-en-la-vanguardia-de-las-energias\/","title":{"rendered":"Cornejo: \u201cQueremos volver a poner a Mendoza en la vanguardia de las energ\u00edas\u201d"},"content":{"rendered":"<!DOCTYPE html PUBLIC \"-\/\/W3C\/\/DTD HTML 4.0 Transitional\/\/EN\" \"http:\/\/www.w3.org\/TR\/REC-html40\/loose.dtd\">\n<html><body><div>Esta ma&ntilde;ana, el Gobernador Alfredo Cornejo, acompa&ntilde;ado por el ministro de Econom&iacute;a, Infraestructura y Energ&iacute;a, Enrique Vaqu&eacute;, encabez&oacute; el encuentro &ldquo;Prospectiva Energ&eacute;tica 2050&rdquo;, una jornada de debate para la planificaci&oacute;n a largo plazo del sector energ&eacute;tico de Mendoza.<\/div>\n<div><\/div>\n<div>&ldquo;Es primordial tener desde el Estado un plan estrat&eacute;gico que pueda proyectarse en el tiempo y que sea profesional y sustentable econ&oacute;mica y pol&iacute;ticamente, por eso nos hemos propuesto definirlo y tomar las primeras medidas&rdquo;, destac&oacute; Cornejo tras la conformaci&oacute;n de la mesa acad&eacute;mica.<\/div>\n<div><\/div>\n<div>Adem&aacute;s, el Gobernador agreg&oacute; que a pesar de las dificultades que atraviesa la provincia de Mendoza, existe potencialidad para desarrollar energ&iacute;as hidroel&eacute;ctricas, solares y renovables, y este es el sector clave para ampliar la matriz productiva.<\/div>\n<div><\/div>\n<div>Por su parte, el ministro Vaqui&eacute; expres&oacute; la importancia de enfocarse en el equilibrio territorial y en trabajar por una econom&iacute;a sustentable que genere empleo privado, cadenas de valor y que sea cuidadosa con el medio ambiente.<\/div>\n<div><\/div>\n<div>&ldquo;El crecimiento de Mendoza a&uacute;n siendo bajo, ha sido muy dispar en el territorio y no hay provincia que progrese a pleno si no va teniendo cierto equilibrio territorial en su desarrollo&rdquo;, explic&oacute; el funcionario.<\/div>\n<div><\/div>\n<div>En el encuentro se firm&oacute; un convenio de cooperaci&oacute;n entre Emesa&nbsp;y Emprendimientos Energ&eacute;ticos Binacionales Sociedad An&oacute;nima (Ebisa) con el objetivo de actualizar el inventario de proyectos hidroel&eacute;ctricos que existen y proyectarlos a futuro definiendo un plan rector para Mendoza.<\/div>\n<div><\/div>\n<div dir=\"ltr\">Al respecto, Vaqui&eacute; sostuvo: &ldquo;Si el Estado puede cumplir con tener una solvencia fiscal que le permita crecer y destinar fondos para obra p&uacute;bica, un equipo que haga el inventario de proyectos y que sea profesional para buscar financiamiento, podemos volver a hacer que estos sectores sean el motor de crecimiento de la provincia, y con ello arrastren a las dem&aacute;s industrias&rdquo;.<\/div>\n<\/body><\/html>\n","protected":false},"excerpt":{"rendered":"As\u00ed lo afirm\u00f3 el Gobernador en el encuentro &#8220;Prospectiva Energ\u00e9tica 2050&#8221; que se realiz\u00f3 esta ma\u00f1ana en el Espacio Cultural  Julio Le Parc.","protected":false},"author":3,"featured_media":51661,"comment_status":"open","ping_status":"open","sticky":false,"template":"","format":"standard","meta":[],"categories":[19,15],"tags":[],"_links":{"self":[{"href":"https:\/\/www.mendoza.gov.ar\/prensa\/wp-json\/wp\/v2\/posts\/51657"}],"collection":[{"href":"https:\/\/www.mendoza.gov.ar\/prensa\/wp-json\/wp\/v2\/posts"}],"about":[{"href":"https:\/\/www.mendoza.gov.ar\/prensa\/wp-json\/wp\/v2\/types\/post"}],"author":[{"embeddable":true,"href":"https:\/\/www.mendoza.gov.ar\/prensa\/wp-json\/wp\/v2\/users\/3"}],"replies":[{"embeddable":true,"href":"https:\/\/www.mendoza.gov.ar\/prensa\/wp-json\/wp\/v2\/comments?post=51657"}],"version-history":[{"count":0,"href":"https:\/\/www.mendoza.gov.ar\/prensa\/wp-json\/wp\/v2\/posts\/51657\/revisions"}],"wp:featuredmedia":[{"embeddable":true,"href":"https:\/\/www.mendoza.gov.ar\/prensa\/wp-json\/wp\/v2\/media\/51661"}],"wp:attachment":[{"href":"https:\/\/www.mendoza.gov.ar\/prensa\/wp-json\/wp\/v2\/media?parent=51657"}],"wp:term":[{"taxonomy":"category","embeddable":true,"href":"https:\/\/www.mendoza.gov.ar\/prensa\/wp-json\/wp\/v2\/categories?post=51657"},{"taxonomy":"post_tag","embeddable":true,"href":"https:\/\/www.mendoza.gov.ar\/prensa\/wp-json\/wp\/v2\/tags?post=51657"}],"curies":[{"name":"wp","href":"https:\/\/api.w.org\/{rel}","templated":true}]}}