{"id":51662,"date":"2016-03-31T14:06:34","date_gmt":"2016-03-31T17:06:34","guid":{"rendered":"http:\/\/prensa.mendoza.gov.ar\/?p=51662"},"modified":"2016-03-31T14:06:34","modified_gmt":"2016-03-31T17:06:34","slug":"nacion-declaro-a-mendoza-en-emergencia-agropecuaria","status":"publish","type":"post","link":"https:\/\/www.mendoza.gov.ar\/prensa\/nacion-declaro-a-mendoza-en-emergencia-agropecuaria\/","title":{"rendered":"Naci\u00f3n declar\u00f3 a Mendoza en emergencia agropecuaria"},"content":{"rendered":"<!DOCTYPE html PUBLIC \"-\/\/W3C\/\/DTD HTML 4.0 Transitional\/\/EN\" \"http:\/\/www.w3.org\/TR\/REC-html40\/loose.dtd\">\n<html><body><div><span lang=\"ES-AR\">Tras la presentaci&oacute;n que el Gobierno provincial llev&oacute; a la mesa evaluadora, la Comisi&oacute;n Nacional de Emergencia y Desastre Agropecuario, decidi&oacute; acompa&ntilde;ar el decreto 146\/16 que a mediados de febrero firm&oacute; el gobernador Cornejo declarando la emergencia agropecuaria en algunos distritos de la provincia.<\/span><\/div>\n<div><span lang=\"ES-AR\">&nbsp;<\/span><\/div>\n<div><span lang=\"ES-AR\">Con esta herramienta en mano, la Provincia accede a los beneficios contenidos en la ley nacional correspondiente, &nbsp;que se materializar&aacute;n a trav&eacute;s de diversos convenios para subsidio o cr&eacute;ditos a productores, como as&iacute; tambi&eacute;n programas de ayuda espec&iacute;ficos.<\/span><\/div>\n<div><span lang=\"ES-AR\">&nbsp;<\/span><\/div>\n<div><span lang=\"ES-AR\">Esta comisi&oacute;n de emergencia, depende directamente del Ministerio de Agroindustria de la Naci&oacute;n y est&aacute; formada por diversos organismos estatales <\/span><span lang=\"ES-AR\">como AFIP, Banco Central, Banco de la Naci&oacute;n y los Ministerios del Interior, Obras P&uacute;blicas y Vivienda y el de Hacienda y Finanzas P&uacute;blicas. Tambi&eacute;n participan integrantes de la Oficina de Riesgo Agropecuario, del Servicio Meteorol&oacute;gico Nacional y del Instituto Nacional de Tecnolog&iacute;a Agropecuaria.<\/span><\/div>\n<div><span lang=\"ES-AR\">&nbsp;<\/span><\/div>\n<div><span lang=\"ES-AR\">Ante lo expuesto por cada provincia, en este caso Mendoza y Catamarca, estas entidades son las encargadas de definir si corresponde elevar la declaraci&oacute;n de emergencia, las zonas y las producciones afectadas; adem&aacute;s de determinar los plazos en los que se har&aacute; efectiva.<\/span><\/div>\n<div><span lang=\"ES-AR\">&nbsp;<\/span><\/div>\n<div><span lang=\"ES-AR\">Hasta el momento, las denuncias registradas en la Direcci&oacute;n de Agricultura y Contingencias abarcan cerca de 28.000 hect&aacute;reas. &ldquo;A<b> <\/b>fin de temporada se har&aacute; una nueva cuantificaci&oacute;n de los da&ntilde;os para determinar todos los distritos afectados&rdquo;, indic&oacute; el subsecretario Alfredo Aciar, &nbsp;para explicar que se trabaja para precisar de cu&aacute;nto es la ayuda que podr&iacute;a enviar la Naci&oacute;n.<\/span><\/div>\n<div><span lang=\"ES-AR\">&nbsp;<\/span><\/div>\n<div><span lang=\"ES-AR\">&ldquo;Hist&oacute;ricamente la Provincia ha recibido ayuda por $20 millones. Dado el caso que este a&ntilde;o, adem&aacute;s del granizo y las heladas,&nbsp; hemos tenido una temporada muy lluviosa con enfermedades criptog&aacute;micas y p&eacute;rdida de cosecha por podredumbre del fruto, vamos a solicitar un mayor importe. Pero tenemos que pujar con otras provincias que tambi&eacute;n atraviesan situaciones similares&rdquo;, detall&oacute; el subsecretario.<\/span><\/div>\n<div><span lang=\"ES-AR\">&nbsp;<\/span><\/div>\n<div>El subsecretario estim&oacute; que la ayuda financiera podr&iacute;a llegar a partir del segundo semestre del a&ntilde;o. &nbsp;&ldquo;Intentaremos que no vuelva a pasar lo mismo que ocurri&oacute; en la temporada anterior en que se atrasaron tanto los pagos que reci&eacute;n este a&ntilde;o se terminaron de abonar&rdquo;, cerr&oacute; Aciar.<\/div>\n<div><\/div>\n<div><a href=\"https:\/\/soundcloud.com\/user-505450423\/aciar-emergencia-agropecuaria-310316\">Audio Alfredo Aciar<\/a><\/div>\n<div><\/div>\n<\/body><\/html>\n","protected":false},"excerpt":{"rendered":"Fue durante la tercera reuni\u00f3n de la Comisi\u00f3n Nacional de Emergencia y Desastre Agropecuario.  Se har\u00e1 en los mismos t\u00e9rminos del decreto provincial correspondiente.","protected":false},"author":3,"featured_media":0,"comment_status":"open","ping_status":"open","sticky":false,"template":"","format":"standard","meta":[],"categories":[1],"tags":[],"_links":{"self":[{"href":"https:\/\/www.mendoza.gov.ar\/prensa\/wp-json\/wp\/v2\/posts\/51662"}],"collection":[{"href":"https:\/\/www.mendoza.gov.ar\/prensa\/wp-json\/wp\/v2\/posts"}],"about":[{"href":"https:\/\/www.mendoza.gov.ar\/prensa\/wp-json\/wp\/v2\/types\/post"}],"author":[{"embeddable":true,"href":"https:\/\/www.mendoza.gov.ar\/prensa\/wp-json\/wp\/v2\/users\/3"}],"replies":[{"embeddable":true,"href":"https:\/\/www.mendoza.gov.ar\/prensa\/wp-json\/wp\/v2\/comments?post=51662"}],"version-history":[{"count":0,"href":"https:\/\/www.mendoza.gov.ar\/prensa\/wp-json\/wp\/v2\/posts\/51662\/revisions"}],"wp:attachment":[{"href":"https:\/\/www.mendoza.gov.ar\/prensa\/wp-json\/wp\/v2\/media?parent=51662"}],"wp:term":[{"taxonomy":"category","embeddable":true,"href":"https:\/\/www.mendoza.gov.ar\/prensa\/wp-json\/wp\/v2\/categories?post=51662"},{"taxonomy":"post_tag","embeddable":true,"href":"https:\/\/www.mendoza.gov.ar\/prensa\/wp-json\/wp\/v2\/tags?post=51662"}],"curies":[{"name":"wp","href":"https:\/\/api.w.org\/{rel}","templated":true}]}}