{"id":51835,"date":"2016-04-04T09:24:29","date_gmt":"2016-04-04T12:24:29","guid":{"rendered":"http:\/\/prensa.mendoza.gov.ar\/?p=51835"},"modified":"2016-04-04T09:24:29","modified_gmt":"2016-04-04T12:24:29","slug":"lanzan-convocatoria-para-promover-la-investigacion-y-desarrollo","status":"publish","type":"post","link":"https:\/\/www.mendoza.gov.ar\/prensa\/lanzan-convocatoria-para-promover-la-investigacion-y-desarrollo\/","title":{"rendered":"Lanzan convocatoria para promover la investigaci\u00f3n y desarrollo\u00a0"},"content":{"rendered":"<!DOCTYPE html PUBLIC \"-\/\/W3C\/\/DTD HTML 4.0 Transitional\/\/EN\" \"http:\/\/www.w3.org\/TR\/REC-html40\/loose.dtd\">\n<html><body><p>El Ministerio de Econom&iacute;a, Infraestructura y Energ&iacute;a, a trav&eacute;s de la&nbsp;Direcci&oacute;n de Desarrollo Tecnol&oacute;gico y Empleo, informa que est&aacute; abierta la&nbsp;convocatoria nacional para la presentaci&oacute;n de proyectos de Ciencia,&nbsp;Tecnolog&iacute;a a Innovaci&oacute;n para la cual se han destinado $120 millones.<\/p>\n<div>A esta iniciativa para la asignaci&oacute;n de cr&eacute;dito fiscal se podr&aacute;n presentar:<\/div>\n<div>\n&ndash; Proyectos de Investigaci&oacute;n y Desarrollo (I+D) de todas aquellas empresas&nbsp;productoras de bienes y servicios, cualquiera sea el tama&ntilde;o o escala de la&nbsp;misma, que est&eacute;n radicadas en el territorio nacional.<br>\nEl costo total del proyecto no podr&aacute; exceder los $7 millones y el plazo&nbsp;m&aacute;ximo de ejecuci&oacute;n deber&aacute; ser de 36 meses.\n<\/div>\n<div>&ndash; Proyectos de Modernizaci&oacute;n Tecnol&oacute;gica que involucren esfuerzos de&nbsp;ingenier&iacute;a complementaria por parte de los solicitantes. Podr&aacute; presentarlo&nbsp;toda PyME productora de bienes y servicios radicada en el territorio&nbsp;nacional.\n<\/div>\n<div>El costo total del proyecto no podr&aacute; exceder los $6 millones y el plazo m&aacute;ximo de ejecuci&oacute;n deber&aacute; ser de 24 meses.<\/div>\n<div><\/div>\n<div>El cierre de la convocatoria ser&aacute; el 29 de abril de 2016, a las 12.&nbsp;Para mayor informaci&oacute;n, los interesados podr&aacute;n acercarse a la Direcci&oacute;n de Desarrollo Tecnol&oacute;gico&nbsp;y Empleo en el 6to piso de Casa de Gobierno, Peltier 351 Mendoza,&nbsp;comunicarse con el tel&eacute;fono (0261) 4492534 o bien por correo electr&oacute;nico a&nbsp;<a href=\"mailto:lnieva@mendoza.gov.ar\" target=\"_blank\">lnieva@mendoza.gov.ar<\/a><\/div>\n<\/body><\/html>\n","protected":false},"excerpt":{"rendered":"\ufeffSe trata de la convocatoria para asignaci\u00f3n de cr\u00e9dito fiscal del Fondo Tecnol\u00f3gico Argentino (Fontar).\u00a0La fecha l\u00edmite para presentar proyectos es el 29 de abril de 2016.","protected":false},"author":3,"featured_media":0,"comment_status":"open","ping_status":"open","sticky":false,"template":"","format":"standard","meta":[],"categories":[1],"tags":[],"_links":{"self":[{"href":"https:\/\/www.mendoza.gov.ar\/prensa\/wp-json\/wp\/v2\/posts\/51835"}],"collection":[{"href":"https:\/\/www.mendoza.gov.ar\/prensa\/wp-json\/wp\/v2\/posts"}],"about":[{"href":"https:\/\/www.mendoza.gov.ar\/prensa\/wp-json\/wp\/v2\/types\/post"}],"author":[{"embeddable":true,"href":"https:\/\/www.mendoza.gov.ar\/prensa\/wp-json\/wp\/v2\/users\/3"}],"replies":[{"embeddable":true,"href":"https:\/\/www.mendoza.gov.ar\/prensa\/wp-json\/wp\/v2\/comments?post=51835"}],"version-history":[{"count":0,"href":"https:\/\/www.mendoza.gov.ar\/prensa\/wp-json\/wp\/v2\/posts\/51835\/revisions"}],"wp:attachment":[{"href":"https:\/\/www.mendoza.gov.ar\/prensa\/wp-json\/wp\/v2\/media?parent=51835"}],"wp:term":[{"taxonomy":"category","embeddable":true,"href":"https:\/\/www.mendoza.gov.ar\/prensa\/wp-json\/wp\/v2\/categories?post=51835"},{"taxonomy":"post_tag","embeddable":true,"href":"https:\/\/www.mendoza.gov.ar\/prensa\/wp-json\/wp\/v2\/tags?post=51835"}],"curies":[{"name":"wp","href":"https:\/\/api.w.org\/{rel}","templated":true}]}}