{"id":51844,"date":"2016-04-04T10:26:30","date_gmt":"2016-04-04T13:26:30","guid":{"rendered":"http:\/\/prensa.mendoza.gov.ar\/?p=51844"},"modified":"2016-04-04T10:26:30","modified_gmt":"2016-04-04T13:26:30","slug":"el-idc-convoca-a-seminario-gratuito-sobre-como-armar-un-plan-de-negocios","status":"publish","type":"post","link":"https:\/\/www.mendoza.gov.ar\/prensa\/el-idc-convoca-a-seminario-gratuito-sobre-como-armar-un-plan-de-negocios\/","title":{"rendered":"El IDC convoca a seminario gratuito sobre \u201cC\u00f3mo armar un plan de negocios\u201d"},"content":{"rendered":"<!DOCTYPE html PUBLIC \"-\/\/W3C\/\/DTD HTML 4.0 Transitional\/\/EN\" \"http:\/\/www.w3.org\/TR\/REC-html40\/loose.dtd\">\n<html><body><div>El Instituto de Desarrollo Comercial (IDC), dependiente del Ministerio de Econom&iacute;a, Infraestructura y Energ&iacute;a del Gobierno de la Provincia, convoca a todos aquellos interesados en participar del seminario gratuito &ldquo;C&oacute;mo armar un plan de negocios&rdquo;.<\/div>\n<div><\/div>\n<div>Es por ello que el pr&oacute;ximo 8 de abril, en la sede de la Federaci&oacute;n Econ&oacute;mica de Mendoza (FEM), se llevar&aacute; a cabo un seminario gratuito destinado a todos aquellos interesados en implementar un plan de negocios para sus proyectos.<\/div>\n<div><\/div>\n<div>En muchos casos se tiene en mente una idea de negocio que, de concretarse, viene a dar un mejor servicio a algo ya existente, o bien no existe en el mercado. Son varios los motivos &nbsp;por los que, generalmente, no prosperan. El m&aacute;s importante es porque el emprendedor no cuenta con una metodolog&iacute;a de trabajo, un plan que permita ordenar todos los factores que se ven involucrados en esa idea.<\/div>\n<div><\/div>\n<div>En este curso se pondr&aacute;n a disposici&oacute;n las herramientas necesarias para comprender c&oacute;mo se lleva a la pr&aacute;ctica el proceso de formulaci&oacute;n de un plan de negocios, acompa&ntilde;ado de sugerencias y mejores pr&aacute;cticas para cada etapa del plan.<\/div>\n<div><\/div>\n<div>La jornada intensiva de trabajo se extender&aacute; de 10 a 17 y estar&aacute; a cargo de Carlos Baldelli, Sales &amp; Customer Service Manager en Ecosistemas Argentina y capacitador en distintas acciones de la Confederaci&oacute;n Argentina de la Mediana Empresa (CAME), entre otros.<\/div>\n<div><\/div>\n<div>La actividad est&aacute; coordinada en su totalidad por la FEM (Federaci&oacute;n Econ&oacute;mica de Mendoza) y desde el IDC se est&aacute; convocando a todo el sector comercial local&nbsp;que est&eacute; interesado en participar. Para ello deber&aacute;n confirmar asistencia al 4298401\/4295254 o bien enviando un correo electr&oacute;nico a&nbsp;<a href=\"mailto:capacitacionfem@gmail.com\" target=\"_blank\" rel=\"nofollow\">capacitacionfem@gmail.com<\/a><\/div>\n<div><\/div>\n<div><b>Temario<\/b><\/div>\n<div><\/div>\n<div>&iquest;Qu&eacute; es un plan de negocios?, &iquest;Por d&oacute;nde empiezo?, &iquest;C&oacute;mo lo elaboro?, &iquest;Qu&eacute; cuestiones de mi producto o servicio describo?, &iquest;Para qu&eacute; sirve armar un plan de negocios? son algunas de las preguntas con las que el emprendedor se encuentra a la hora de encarar el proceso de formulaci&oacute;n de un documento donde quede plasmado dicho plan.<\/div>\n<\/body><\/html>\n","protected":false},"excerpt":{"rendered":"Ser\u00e1 el jueves 8, de 10 a 17, en la sede de la Federaci\u00f3n Econ\u00f3mica de Mendoza, Pedro Molina 471 de Ciudad. Cupos limitados.","protected":false},"author":3,"featured_media":51845,"comment_status":"open","ping_status":"open","sticky":false,"template":"","format":"standard","meta":[],"categories":[1],"tags":[],"_links":{"self":[{"href":"https:\/\/www.mendoza.gov.ar\/prensa\/wp-json\/wp\/v2\/posts\/51844"}],"collection":[{"href":"https:\/\/www.mendoza.gov.ar\/prensa\/wp-json\/wp\/v2\/posts"}],"about":[{"href":"https:\/\/www.mendoza.gov.ar\/prensa\/wp-json\/wp\/v2\/types\/post"}],"author":[{"embeddable":true,"href":"https:\/\/www.mendoza.gov.ar\/prensa\/wp-json\/wp\/v2\/users\/3"}],"replies":[{"embeddable":true,"href":"https:\/\/www.mendoza.gov.ar\/prensa\/wp-json\/wp\/v2\/comments?post=51844"}],"version-history":[{"count":0,"href":"https:\/\/www.mendoza.gov.ar\/prensa\/wp-json\/wp\/v2\/posts\/51844\/revisions"}],"wp:featuredmedia":[{"embeddable":true,"href":"https:\/\/www.mendoza.gov.ar\/prensa\/wp-json\/wp\/v2\/media\/51845"}],"wp:attachment":[{"href":"https:\/\/www.mendoza.gov.ar\/prensa\/wp-json\/wp\/v2\/media?parent=51844"}],"wp:term":[{"taxonomy":"category","embeddable":true,"href":"https:\/\/www.mendoza.gov.ar\/prensa\/wp-json\/wp\/v2\/categories?post=51844"},{"taxonomy":"post_tag","embeddable":true,"href":"https:\/\/www.mendoza.gov.ar\/prensa\/wp-json\/wp\/v2\/tags?post=51844"}],"curies":[{"name":"wp","href":"https:\/\/api.w.org\/{rel}","templated":true}]}}