{"id":51852,"date":"2016-04-05T10:00:03","date_gmt":"2016-04-05T13:00:03","guid":{"rendered":"http:\/\/prensa.mendoza.gov.ar\/?p=51852"},"modified":"2016-04-05T10:00:03","modified_gmt":"2016-04-05T13:00:03","slug":"por-una-administracion-publica-al-servicio-del-ciudadano","status":"publish","type":"post","link":"https:\/\/www.mendoza.gov.ar\/prensa\/por-una-administracion-publica-al-servicio-del-ciudadano\/","title":{"rendered":"Por una administraci\u00f3n p\u00fablica al servicio del ciudadano"},"content":{"rendered":"<!DOCTYPE html PUBLIC \"-\/\/W3C\/\/DTD HTML 4.0 Transitional\/\/EN\" \"http:\/\/www.w3.org\/TR\/REC-html40\/loose.dtd\">\n<html><body><p>Esta ma&ntilde;ana, el Gobernador de la provincia, Alfredo Cornejo,&nbsp;se reuni&oacute; en Buenos Aires con el ministro de Modernizaci&oacute;n de la Naci&oacute;n, Andr&eacute;s Horacio Ibarra. All&iacute; firmaron un&nbsp;convenio marco de cooperaci&oacute;n para implementar en la administraci&oacute;n provincial&nbsp;procesos de reforma y modernizaci&oacute;n del Estado.<\/p>\n<p>En este contexto, el Decreto Nacional 434\/2016&nbsp;aprob&oacute; el Plan de Modernizaci&oacute;n del Estado con el objetivo de construir una administraci&oacute;n p&uacute;blica al servicio del ciudadano, en un marco de eficacia, eficiencia y calidad en la prestaci&oacute;n de sus servicios, a partir del dise&ntilde;o de organizaciones flexibles orientadas a la gesti&oacute;n por resultados.<\/p>\n<p><a href=\"https:\/\/www.mendoza.gov.ar\/prensa\/wp-content\/uploads\/sites\/23\/IMG_20160404_102827753.jpg\"><img loading=\"lazy\" class=\"alignnone wp-image-51890 img-responsive center-block\" src=\"https:\/\/www.mendoza.gov.ar\/prensa\/wp-content\/uploads\/sites\/23\/IMG_20160404_102827753.jpg\" alt=\"\" width=\"650\" height=\"366\"><\/a><\/p>\n<p>Para este trabajo, se tendr&aacute;n en cuenta los siguientes ejes: plan de tecnolog&iacute;a y gobierno digital, gesti&oacute;n integral de los recursos humanos, gesti&oacute;n por resultados y compromisos p&uacute;blicos, Gobierno abierto e innovaci&oacute;n p&uacute;blica y la estrategia &ldquo;pa&iacute;s digital&rdquo;.<\/p>\n<p>Con la firma de este convenio, se reconoce la importancia de implementar en Mendoza las respectivas juridicciones pol&iacute;ticas de reforma y modernizaci&oacute;n del Estado, para&nbsp;garantizar el bien com&uacute;n de todos los ciudadanos.<\/p>\n<p>Su aplicaci&oacute;n&nbsp;permitir&aacute; a la provincia enriquecer procesos y modelos relacionados con el Plan de Modernizaci&oacute;n del Estado, y al Ministerio de Modernizaci&oacute;n, aplicar las experiencias en base a los logros que se obtengan de los distintos gobiernos provinciales.<\/p>\n<p>Las acciones, proyectos y actividades concretas que surjan de este documento tendr&aacute;n que ser parte de convenios espec&iacute;ficos que ser&aacute;n firmados la semana que viene. En estos se fijar&aacute;n&nbsp;objetivos, tareas a ejecutar, cronogramas de avance&nbsp;y&nbsp;derechos y obligaciones de cada parte.<\/p>\n<p>Este acuerdo marco tiene una duraci&oacute;n de cuatro a&ntilde;os a partir de su firma y puede ser prorrogado en caso de que se considere necesario.<\/p>\n<p>&nbsp;<\/p>\n<\/body><\/html>\n","protected":false},"excerpt":{"rendered":"El Gobernador Alfredo Cornejo y el ministro de Modernizaci\u00f3n de la Naci\u00f3n, Andr\u00e9s Horacio Ibarra, rubricaron un acuerdo marco para avanzar en la reforma y modernizaci\u00f3n del Estado.","protected":false},"author":3,"featured_media":51888,"comment_status":"open","ping_status":"open","sticky":false,"template":"","format":"standard","meta":[],"categories":[19],"tags":[],"_links":{"self":[{"href":"https:\/\/www.mendoza.gov.ar\/prensa\/wp-json\/wp\/v2\/posts\/51852"}],"collection":[{"href":"https:\/\/www.mendoza.gov.ar\/prensa\/wp-json\/wp\/v2\/posts"}],"about":[{"href":"https:\/\/www.mendoza.gov.ar\/prensa\/wp-json\/wp\/v2\/types\/post"}],"author":[{"embeddable":true,"href":"https:\/\/www.mendoza.gov.ar\/prensa\/wp-json\/wp\/v2\/users\/3"}],"replies":[{"embeddable":true,"href":"https:\/\/www.mendoza.gov.ar\/prensa\/wp-json\/wp\/v2\/comments?post=51852"}],"version-history":[{"count":0,"href":"https:\/\/www.mendoza.gov.ar\/prensa\/wp-json\/wp\/v2\/posts\/51852\/revisions"}],"wp:featuredmedia":[{"embeddable":true,"href":"https:\/\/www.mendoza.gov.ar\/prensa\/wp-json\/wp\/v2\/media\/51888"}],"wp:attachment":[{"href":"https:\/\/www.mendoza.gov.ar\/prensa\/wp-json\/wp\/v2\/media?parent=51852"}],"wp:term":[{"taxonomy":"category","embeddable":true,"href":"https:\/\/www.mendoza.gov.ar\/prensa\/wp-json\/wp\/v2\/categories?post=51852"},{"taxonomy":"post_tag","embeddable":true,"href":"https:\/\/www.mendoza.gov.ar\/prensa\/wp-json\/wp\/v2\/tags?post=51852"}],"curies":[{"name":"wp","href":"https:\/\/api.w.org\/{rel}","templated":true}]}}