{"id":51889,"date":"2016-04-04T13:23:57","date_gmt":"2016-04-04T16:23:57","guid":{"rendered":"http:\/\/prensa.mendoza.gov.ar\/?p=51889"},"modified":"2016-04-04T13:23:57","modified_gmt":"2016-04-04T16:23:57","slug":"economia-participo-de-la-apertura-de-la-conferencia-mundial-de-fruta-procesada","status":"publish","type":"post","link":"https:\/\/www.mendoza.gov.ar\/prensa\/economia-participo-de-la-apertura-de-la-conferencia-mundial-de-fruta-procesada\/","title":{"rendered":"Econom\u00eda particip\u00f3 de la apertura de la conferencia mundial de fruta procesada"},"content":{"rendered":"<!DOCTYPE html PUBLIC \"-\/\/W3C\/\/DTD HTML 4.0 Transitional\/\/EN\" \"http:\/\/www.w3.org\/TR\/REC-html40\/loose.dtd\">\n<html><body><div>El subsecretario de Agricultura y Ganader&iacute;a, Alfredo Aciar, abri&oacute; la 13&ordf; Conferencia Mundial de Fruta Procesada, que re&uacute;ne a los representantes de asociaciones industriales, empresarios y distribuidores del sector a nivel mundial.<\/div>\n<div><span lang=\"ES-AR\">&nbsp;<\/span><\/div>\n<div><span lang=\"ES-AR\">En la presentaci&oacute;n, el funcionario se&ntilde;al&oacute; que son buenas las expectativas que el Gobierno prev&eacute; para la industria del durazno, debido a que la apuesta est&aacute; basada en &ldquo;darle competitividad al sector&rdquo;.&nbsp;<\/span><\/div>\n<div><span lang=\"ES-AR\">&nbsp;<\/span><\/div>\n<div>&ldquo;Gestionamos para que la macroeconom&iacute;a acompa&ntilde;e y potencie el trabajo de&nbsp;los productores y exportadores mendocinos. Industrializar nuestros productos agr&iacute;colas le da valor agregado a una provincia que necesita recuperar la din&aacute;mica y los precios perdidos en los &uacute;ltimos a&ntilde;os&rdquo;, agreg&oacute; Aciar.<\/div>\n<div><span lang=\"ES-AR\">&nbsp;<\/span><\/div>\n<div><span lang=\"ES-AR\">Seg&uacute;n los informes que se presentaron en el encuentro, Mendoza es la principal productora de fruta procesada, lo que genera unos 10.000 puestos de trabajo.<\/span><\/div>\n<div><span lang=\"ES-AR\">&nbsp;<\/span><\/div>\n<div><span lang=\"ES-AR\">En el mundo, ocho pa&iacute;ses (Argentina, Australia, Chile, China, Grecia, Espa&ntilde;a, Sud&aacute;frica y los Estados Unidos) concentran m&aacute;s del 90% de la producci&oacute;n mundial de fruta procesada. El aporte de Mendoza es de 135 mil toneladas, de las 160 mil que se producen en la provincia.<\/span><\/div>\n<div><\/div>\n<div dir=\"ltr\"><span lang=\"ES-AR\">Esta reuni&oacute;n de industriales, que se realiza cada dos a&ntilde;os, sirve de plataforma para el intercambio de informaci&oacute;n industrial, de la situaci&oacute;n de la materia prima y de la producci&oacute;n y procesamiento de las frutas en conserva en todo el mundo.&nbsp;<\/span><\/div>\n<\/body><\/html>\n","protected":false},"excerpt":{"rendered":"Mendoza es sede de este encuentro de industriales que se realiza cada dos a\u00f1os y que se extender\u00e1 hasta el mi\u00e9rcoles.","protected":false},"author":3,"featured_media":0,"comment_status":"open","ping_status":"open","sticky":false,"template":"","format":"standard","meta":[],"categories":[1],"tags":[],"_links":{"self":[{"href":"https:\/\/www.mendoza.gov.ar\/prensa\/wp-json\/wp\/v2\/posts\/51889"}],"collection":[{"href":"https:\/\/www.mendoza.gov.ar\/prensa\/wp-json\/wp\/v2\/posts"}],"about":[{"href":"https:\/\/www.mendoza.gov.ar\/prensa\/wp-json\/wp\/v2\/types\/post"}],"author":[{"embeddable":true,"href":"https:\/\/www.mendoza.gov.ar\/prensa\/wp-json\/wp\/v2\/users\/3"}],"replies":[{"embeddable":true,"href":"https:\/\/www.mendoza.gov.ar\/prensa\/wp-json\/wp\/v2\/comments?post=51889"}],"version-history":[{"count":0,"href":"https:\/\/www.mendoza.gov.ar\/prensa\/wp-json\/wp\/v2\/posts\/51889\/revisions"}],"wp:attachment":[{"href":"https:\/\/www.mendoza.gov.ar\/prensa\/wp-json\/wp\/v2\/media?parent=51889"}],"wp:term":[{"taxonomy":"category","embeddable":true,"href":"https:\/\/www.mendoza.gov.ar\/prensa\/wp-json\/wp\/v2\/categories?post=51889"},{"taxonomy":"post_tag","embeddable":true,"href":"https:\/\/www.mendoza.gov.ar\/prensa\/wp-json\/wp\/v2\/tags?post=51889"}],"curies":[{"name":"wp","href":"https:\/\/api.w.org\/{rel}","templated":true}]}}