{"id":52011,"date":"2016-04-05T19:18:11","date_gmt":"2016-04-05T22:18:11","guid":{"rendered":"http:\/\/prensa.mendoza.gov.ar\/?p=52011"},"modified":"2016-04-05T19:18:11","modified_gmt":"2016-04-05T22:18:11","slug":"dietrich-para-fin-de-ano-mendoza-va-a-tener-uno-de-los-mejores-aeropuertos-del-pais","status":"publish","type":"post","link":"https:\/\/www.mendoza.gov.ar\/prensa\/dietrich-para-fin-de-ano-mendoza-va-a-tener-uno-de-los-mejores-aeropuertos-del-pais\/","title":{"rendered":"Dietrich: \u201cPara fin de a\u00f1o Mendoza va a tener uno de los mejores aeropuertos del pa\u00eds\u201d"},"content":{"rendered":"<!DOCTYPE html PUBLIC \"-\/\/W3C\/\/DTD HTML 4.0 Transitional\/\/EN\" \"http:\/\/www.w3.org\/TR\/REC-html40\/loose.dtd\">\n<html><body><p>El ministro de Transporte de la Naci&oacute;n, Guillermo Dietrich, brind&oacute; detalles de las obras que se realizar&aacute;n en el aeropuerto El Plumerillo. Lo hizo en una conferencia de prensa realizada en la terminal de pasajeros acompa&ntilde;ado por el gobernador Alfredo Cornejo.<\/p>\n<p>&ldquo;El aeropuerto de Mendoza, para fin de a&ntilde;o, va a ser un aeropuerto totalmente nuevo y renovado.&nbsp;Esta inversi&oacute;n es mayor a toda la inversi&oacute;n que se hizo durante el a&ntilde;o pasado en la totalidad del sistema aeroportuario argentino, donde se invirtieron $750 millones&rdquo;, anunci&oacute; el funcionario nacional.<\/p>\n<p>Participaron del encuentro Juan&nbsp;Pedro&nbsp;Irigoin<em>, <\/em>responsable de la Administraci&oacute;n Nacional de Aviaci&oacute;n Civil (ANAC), y Patricio&nbsp;Di&nbsp;Stefano, titular del Organismo Regulador del Sistema Nacional de Aeropuertos (Orsna). Los t&eacute;cnicos, junto a especialistas del Ministerio de Transporte, fueron los encargados de analizar el estado del aeropuerto como tambi&eacute;n las diferentes alternativas para refuncionalizarlo.<\/p>\n<p>El equipo de especialistas de la Naci&oacute;n coincidi&oacute; en la necesidad de cerrar El Plumerillo para evitar riesgos en materia de seguridad. &ldquo;Hemos trabajado todos estos meses con los t&eacute;cnicos viendo las alternativas para el aeropuerto de Mendoza. Lamentablemente, no se puede postergar un a&ntilde;o m&aacute;s esta situaci&oacute;n porque habr&iacute;a riesgo operacional&rdquo;, detall&oacute;&nbsp;Dietrich.<\/p>\n<p>Desde el ministerio informaron que se realizar&aacute;n mejoras en la pista y en la terminal de pasajeros entre setiembre y diciembre de 2016, per&iacute;odo en que el aeropuerto permanecer&aacute; cerrado. Seg&uacute;n un informe enviado por el Ministerio de Transporte de la Naci&oacute;n, las remodelaciones incluir&aacute;n una inversi&oacute;n global de $920&nbsp;millones&nbsp;y beneficiar&aacute; a 1,3 millones de pasajeros.<\/p>\n<p>Dietrich indic&oacute; que la gesti&oacute;n anterior, tanto nacional como provincial, estaba al tanto de los serios problemas de infraestructura de la aerostaci&oacute;n pero que &ldquo;por falta de planificaci&oacute;n, de di&aacute;logo y por no destinar el presupuesto adecuado, se fue postergando la decisi&oacute;n&rdquo;.<\/p>\n<p>Por su parte, el Gobernador &nbsp;Alfredo Cornejo sostuvo: &ldquo;Tenemos que privilegiar la seguridad y adecuarnos a las situaciones que hemos heredado. El aeropuerto no puede seguir operando bajo condiciones de colapso y de problemas t&eacute;cnicos como lo ven&iacute;a haciendo. La situaci&oacute;n obliga a realizar una gran inversi&oacute;n&rdquo;.<\/p>\n<p><strong>Las obras anunciadas por la Naci&oacute;n<\/strong><\/p>\n<p>Desde el Ministerio de Transporte de la Naci&oacute;n indicaron que se ejecutar&aacute;n obras de mejoras en infraestructura de seguridad que incluyen la reparaci&oacute;n integral de la pista de aterrizaje y calles de rodaje, la ampliaci&oacute;n de la plataforma y la instalaci&oacute;n de un nuevo sistema de luces LED &ndash;el primero del pa&iacute;s&ndash; y balizamiento.<\/p>\n<p>La reconstrucci&oacute;n de la pista incluye el armado a nuevo del hormig&oacute;n en un volumen de 50.000 m3. Hoy la pista presenta un estado de deterioro avanzado. En cuanto a la terminal, tiene&nbsp;importantes problemas de saturaci&oacute;n en hora pico, mientras el tr&aacute;nsito en el aeropuerto contin&uacute;a en expansi&oacute;n.<\/p>\n<p>Adem&aacute;s, se&ntilde;alaron que se ampliar&aacute; y remodelar&aacute; integralmente la terminal de pasajeros, que abarca una superficie de 12.000 m2. Ya se terminaron&nbsp;dos nuevas&nbsp;mangas (antes hab&iacute;a s&oacute;lo una), las salas de preembarque tanto para vuelos de cabotaje como para internacional y algunos n&uacute;cleos de circulaci&oacute;n (ascensores, escaleras).<\/p>\n<p>Queda&nbsp;pendiente por terminar&nbsp;el grueso de la obra, es decir, la remodelaci&oacute;n de dos salas de retiro de equipajes en arribos para vuelos de cabotaje, una sala de retiro de equipajes en arribos para vuelos internacionales, sector central de la zona&nbsp;de<em> check-in,<\/em> una&nbsp;nueva sala de tr&aacute;nsito, un&nbsp;nuevo sector para oficinas operativas y la ampliaci&oacute;n de los sectores de control.<\/p>\n<\/body><\/html>\n","protected":false},"excerpt":{"rendered":"As\u00ed lo inform\u00f3 el ministro de Transporte de la Naci\u00f3n durante una conferencia de prensa en la que dio a conocer los detalles de la inversi\u00f3n para remodelar la aeroestaci\u00f3n.","protected":false},"author":3,"featured_media":52021,"comment_status":"open","ping_status":"open","sticky":false,"template":"","format":"standard","meta":[],"categories":[19],"tags":[],"_links":{"self":[{"href":"https:\/\/www.mendoza.gov.ar\/prensa\/wp-json\/wp\/v2\/posts\/52011"}],"collection":[{"href":"https:\/\/www.mendoza.gov.ar\/prensa\/wp-json\/wp\/v2\/posts"}],"about":[{"href":"https:\/\/www.mendoza.gov.ar\/prensa\/wp-json\/wp\/v2\/types\/post"}],"author":[{"embeddable":true,"href":"https:\/\/www.mendoza.gov.ar\/prensa\/wp-json\/wp\/v2\/users\/3"}],"replies":[{"embeddable":true,"href":"https:\/\/www.mendoza.gov.ar\/prensa\/wp-json\/wp\/v2\/comments?post=52011"}],"version-history":[{"count":0,"href":"https:\/\/www.mendoza.gov.ar\/prensa\/wp-json\/wp\/v2\/posts\/52011\/revisions"}],"wp:featuredmedia":[{"embeddable":true,"href":"https:\/\/www.mendoza.gov.ar\/prensa\/wp-json\/wp\/v2\/media\/52021"}],"wp:attachment":[{"href":"https:\/\/www.mendoza.gov.ar\/prensa\/wp-json\/wp\/v2\/media?parent=52011"}],"wp:term":[{"taxonomy":"category","embeddable":true,"href":"https:\/\/www.mendoza.gov.ar\/prensa\/wp-json\/wp\/v2\/categories?post=52011"},{"taxonomy":"post_tag","embeddable":true,"href":"https:\/\/www.mendoza.gov.ar\/prensa\/wp-json\/wp\/v2\/tags?post=52011"}],"curies":[{"name":"wp","href":"https:\/\/api.w.org\/{rel}","templated":true}]}}