{"id":52141,"date":"2016-04-06T19:25:17","date_gmt":"2016-04-06T22:25:17","guid":{"rendered":"http:\/\/prensa.mendoza.gov.ar\/?p=52141"},"modified":"2016-04-06T19:25:17","modified_gmt":"2016-04-06T22:25:17","slug":"mendoza-presente-en-el-congreso-federal-de-produccion","status":"publish","type":"post","link":"https:\/\/www.mendoza.gov.ar\/prensa\/mendoza-presente-en-el-congreso-federal-de-produccion\/","title":{"rendered":"Mendoza presente en el Congreso Federal de Producci\u00f3n"},"content":{"rendered":"<!DOCTYPE html PUBLIC \"-\/\/W3C\/\/DTD HTML 4.0 Transitional\/\/EN\" \"http:\/\/www.w3.org\/TR\/REC-html40\/loose.dtd\">\n<html><body><p>El 4 y 5 de abril se desarroll&oacute; en Salta el Primer&nbsp;Congreso Federal de Producci&oacute;n (CFP), al que asisti&oacute; el subsecretario de Industria y Comercio de Mendoza, Guillermo Cruz, representando a la Provincia.<\/p>\n<p>Este encuentro, que estuvo encabezado por el ministro de la Producci&oacute;n de la Naci&oacute;n, Francisco Cabrera, tuvo como principal objetivo coordinar pol&iacute;ticas federales que permitan la transformaci&oacute;n productiva del pa&iacute;s.<\/p>\n<p>El subsecretario de Industria y Comercio, Guillermo Cruz, destac&oacute; que &ldquo;las reuniones fueron muy productivas y desde la Naci&oacute;n comunicaron que existen una serie de programas para la captaci&oacute;n de financiamiento destinado al desarrollo de empresas para todo el pa&iacute;s por US$ 20.000 millones&rdquo;.<\/p>\n<p>Estas jornadas de trabajo posibilitan la apertura de un espacio de di&aacute;logo institucional con las provincias, la presentaci&oacute;n de los equipos de la cartera y la difusi&oacute;n de herramientas de financiamiento, capacitaci&oacute;n e innovaci&oacute;n productiva.<\/p>\n<p>Adem&aacute;s, desde la Secretaria de Transporte de la Naci&oacute;n se plante&oacute; la importancia de concretar el Ferrocarril San Mart&iacute;n, que une las provincias de Mendoza y Buenos Aires.<\/p>\n<p><strong>Actividades<\/strong><\/p>\n<p>El cronograma de actividades incluy&oacute; la presentaci&oacute;n oficial del Consejo&nbsp; Federal. El martes 5, en el Centro de Convenciones Salta, se desarroll&oacute; una jornada completa de trabajo con la presentaci&oacute;n de los objetivos y din&aacute;mica del Consejo. Luego se presentaron a los asistentes las diversas herramientas del Ministerio: Programas de financiamiento (BICE),&nbsp;Innovaci&oacute;n tecnol&oacute;gica (INTI); Oficinas de Producci&oacute;n,&nbsp;Pymes, Agencia de Promoci&oacute;n de Inversiones y Comercio Internacional y Programas de apoyo a la gesti&oacute;n productiva.<\/p>\n<\/body><\/html>\n","protected":false},"excerpt":{"rendered":"Bajo el lema \u201cConstruyendo la Transformaci\u00f3n Productiva\u201d, se realiz\u00f3 en Salta este primer encuentro que reuni\u00f3 a representantes de los Ministerios de la Producci\u00f3n, Agroindustria y Transportes de la Naci\u00f3n.","protected":false},"author":3,"featured_media":52142,"comment_status":"open","ping_status":"open","sticky":false,"template":"","format":"standard","meta":[],"categories":[1],"tags":[],"_links":{"self":[{"href":"https:\/\/www.mendoza.gov.ar\/prensa\/wp-json\/wp\/v2\/posts\/52141"}],"collection":[{"href":"https:\/\/www.mendoza.gov.ar\/prensa\/wp-json\/wp\/v2\/posts"}],"about":[{"href":"https:\/\/www.mendoza.gov.ar\/prensa\/wp-json\/wp\/v2\/types\/post"}],"author":[{"embeddable":true,"href":"https:\/\/www.mendoza.gov.ar\/prensa\/wp-json\/wp\/v2\/users\/3"}],"replies":[{"embeddable":true,"href":"https:\/\/www.mendoza.gov.ar\/prensa\/wp-json\/wp\/v2\/comments?post=52141"}],"version-history":[{"count":0,"href":"https:\/\/www.mendoza.gov.ar\/prensa\/wp-json\/wp\/v2\/posts\/52141\/revisions"}],"wp:featuredmedia":[{"embeddable":true,"href":"https:\/\/www.mendoza.gov.ar\/prensa\/wp-json\/wp\/v2\/media\/52142"}],"wp:attachment":[{"href":"https:\/\/www.mendoza.gov.ar\/prensa\/wp-json\/wp\/v2\/media?parent=52141"}],"wp:term":[{"taxonomy":"category","embeddable":true,"href":"https:\/\/www.mendoza.gov.ar\/prensa\/wp-json\/wp\/v2\/categories?post=52141"},{"taxonomy":"post_tag","embeddable":true,"href":"https:\/\/www.mendoza.gov.ar\/prensa\/wp-json\/wp\/v2\/tags?post=52141"}],"curies":[{"name":"wp","href":"https:\/\/api.w.org\/{rel}","templated":true}]}}