{"id":52197,"date":"2016-04-07T10:57:22","date_gmt":"2016-04-07T13:57:22","guid":{"rendered":"http:\/\/prensa.mendoza.gov.ar\/?p=52197"},"modified":"2016-04-07T10:57:22","modified_gmt":"2016-04-07T13:57:22","slug":"el-idc-busca-promover-la-actividad-comercial","status":"publish","type":"post","link":"https:\/\/www.mendoza.gov.ar\/prensa\/el-idc-busca-promover-la-actividad-comercial\/","title":{"rendered":"El IDC busca promover la actividad comercial"},"content":{"rendered":"<!DOCTYPE html PUBLIC \"-\/\/W3C\/\/DTD HTML 4.0 Transitional\/\/EN\" \"http:\/\/www.w3.org\/TR\/REC-html40\/loose.dtd\">\n<html><body><div>El Ministerio de Econom&iacute;a, Infraestructura y Energ&iacute;a, a trav&eacute;s del&nbsp;Instituto de Desarrollo Comercial (IDC), junto a la Federaci&oacute;n Econ&oacute;mica&nbsp;de Mendoza (FEM),&nbsp;trabajan en&nbsp;un convenio para el&nbsp;desarrollo y crecimiento de sector comercial de la provincia.<\/div>\n<div><\/div>\n<div>La iniciativa surgi&oacute; de las necesidades que se plasmaron durante la &uacute;ltima&nbsp;reuni&oacute;n en la que particip&oacute; Daniel Dimartino, gerente general del IDC, su&nbsp;par de la FEM, Maximiliano Gabrielli, y Juan Retali, a cargo del Centro Comercial a Cielo Abierto de&nbsp;Ciudad (CCA). En ese encuentro, pusieron como eje principal brindar herramientas para&nbsp;incrementar las ventas del sector comercial vinculado, en&nbsp;principio, a uno de los eslabones m&aacute;s importantes: los centros comerciales&nbsp;a cielo abierto.<\/div>\n<div><\/div>\n<div>Asimismo,&nbsp;se debati&oacute; sobre la gesti&oacute;n de pol&iacute;ticas de&nbsp;fortalecimiento institucional, financiamiento y cooperaci&oacute;n mutua para&nbsp;planes de dinamizaci&oacute;n comercial minorista. Siempre promoviendo la&nbsp;creaci&oacute;n y aplicaci&oacute;n de instrumentos normativos que regulen la&nbsp;localizaci&oacute;n y desenvolvimiento de los centros comerciales.<\/div>\n<div><\/div>\n<div>Tambi&eacute;n se trabaj&oacute; en ideas para&nbsp;fomentar la profesionalizaci&oacute;n y&nbsp;la capacitaci&oacute;n de los empresarios pyme y dem&aacute;s agentes de cambio&nbsp;vinculados a proyectos de inversi&oacute;n y desarrollo del comercio local, poniendo a disposici&oacute;n planes de comercializaci&oacute;n, dise&ntilde;o y comunicaci&oacute;n&nbsp;corporativa de grupos asociativos.<\/div>\n<div><\/div>\n<div><strong>Sumar voluntades<\/strong><\/div>\n<div><\/div>\n<div>&ldquo;Desde el IDC estamos dispuestos a aportar todos nuestros conocimientos.&nbsp;Entendemos que la &uacute;nica manera de lograr resultados importantes, que&nbsp;favorezcan al sector comercial, es sumando voluntades entre todos los&nbsp;actores involucrados&rdquo;, remarc&oacute;&nbsp;Daniel Dimartino.<\/div>\n<div><\/div>\n<div>Desde el organismo se trabaja&nbsp;para&nbsp;capacitar al comerciante de la provincia en distintos&nbsp;campos. Para ello, hay&nbsp;previstas actividades que involucran a c&aacute;maras y universidades para dar a conocer todas aquellas herramientas con&nbsp;las que cuenta un comerciante&nbsp;al&nbsp;iniciar su actividad o&nbsp;implementar mejoras.<\/div>\n<div><\/div>\n<div>En este sentido, Dimartino concluy&oacute;: &ldquo;A trav&eacute;s de nuestra p&aacute;gina web, estamos informando sobre todas las actividades de capacitaci&oacute;n como tambi&eacute;n los avances que vamos obteniendo en cada reuni&oacute;n que&nbsp;vamos desarrollando para lograr los objetivos planteados. Tambi&eacute;n estamos&nbsp;haciendo lo propio a trav&eacute;s de las redes sociales y los medios&rdquo;.<\/div>\n<\/body><\/html>\n","protected":false},"excerpt":{"rendered":"La iniciativa surgi\u00f3 de la \u00faltima reuni\u00f3n que mantuvieron junto a referentes de la FEM y del Centro Comercial a Cielo Abierto de Ciudad. La meta: impulsar el crecimiento de todo el\u00a0sector.","protected":false},"author":3,"featured_media":0,"comment_status":"open","ping_status":"open","sticky":false,"template":"","format":"standard","meta":[],"categories":[1],"tags":[],"_links":{"self":[{"href":"https:\/\/www.mendoza.gov.ar\/prensa\/wp-json\/wp\/v2\/posts\/52197"}],"collection":[{"href":"https:\/\/www.mendoza.gov.ar\/prensa\/wp-json\/wp\/v2\/posts"}],"about":[{"href":"https:\/\/www.mendoza.gov.ar\/prensa\/wp-json\/wp\/v2\/types\/post"}],"author":[{"embeddable":true,"href":"https:\/\/www.mendoza.gov.ar\/prensa\/wp-json\/wp\/v2\/users\/3"}],"replies":[{"embeddable":true,"href":"https:\/\/www.mendoza.gov.ar\/prensa\/wp-json\/wp\/v2\/comments?post=52197"}],"version-history":[{"count":0,"href":"https:\/\/www.mendoza.gov.ar\/prensa\/wp-json\/wp\/v2\/posts\/52197\/revisions"}],"wp:attachment":[{"href":"https:\/\/www.mendoza.gov.ar\/prensa\/wp-json\/wp\/v2\/media?parent=52197"}],"wp:term":[{"taxonomy":"category","embeddable":true,"href":"https:\/\/www.mendoza.gov.ar\/prensa\/wp-json\/wp\/v2\/categories?post=52197"},{"taxonomy":"post_tag","embeddable":true,"href":"https:\/\/www.mendoza.gov.ar\/prensa\/wp-json\/wp\/v2\/tags?post=52197"}],"curies":[{"name":"wp","href":"https:\/\/api.w.org\/{rel}","templated":true}]}}