{"id":52319,"date":"2016-04-08T14:12:44","date_gmt":"2016-04-08T17:12:44","guid":{"rendered":"http:\/\/prensa.mendoza.gov.ar\/?p=52319"},"modified":"2016-04-08T14:12:44","modified_gmt":"2016-04-08T17:12:44","slug":"cornejo-firmo-un-convenio-con-el-ministro-de-defensa-de-la-nacion","status":"publish","type":"post","link":"https:\/\/www.mendoza.gov.ar\/prensa\/cornejo-firmo-un-convenio-con-el-ministro-de-defensa-de-la-nacion\/","title":{"rendered":"Cornejo firm\u00f3 un convenio con el ministro de Defensa de la Naci\u00f3n"},"content":{"rendered":"<!DOCTYPE html PUBLIC \"-\/\/W3C\/\/DTD HTML 4.0 Transitional\/\/EN\" \"http:\/\/www.w3.org\/TR\/REC-html40\/loose.dtd\">\n<html><body><p>El Gobernador Alfredo Cornejo recibi&oacute; al ministro de Defensa de la Naci&oacute;n, Julio Mart&iacute;nez, en la Casa de Gobierno. En el encuentro firmaron un acuerdo mediante el cual el Ej&eacute;rcito le cede un inmueble para la creaci&oacute;n de un jard&iacute;n maternal en la ciudad de Mendoza. Adem&aacute;s, dieron a conocer los trabajos que se realizan entre Provincia y Naci&oacute;n desde el cambio de Gobierno.<\/p>\n<p>El proyecto de crear jardines maternales en los que el 65% de la matr&iacute;cula se destine a los hijos e hijas del personal de las Fuerzas Armadas surgieron como consecuencia del ingreso cada vez mayor de mujeres a las fuerzas. &ldquo;Vamos a atender en el servicio educativo a ni&ntilde;os que en general son hijos de las mujeres que est&aacute;n en la fuerza y que requieren de ese servicio&rdquo;, dijo Mart&iacute;nez. El ministro aclar&oacute; que &ldquo;paralelamente se gestionar&aacute;n cupos para el resto de la comunidad mendocina&rdquo;.<\/p>\n<p>Cornejo celebr&oacute; no s&oacute;lo la firma del convenio sino tambi&eacute;n los trabajos en conjunto que se realizan entre el Gobierno y el Ministerio de Defensa de la Naci&oacute;n. &ldquo;Estamos trabajando con el ministerio desde el primer d&iacute;a. No es nueva esta relaci&oacute;n de trabajo&rdquo;.<\/p>\n<p>En este sentido, se&ntilde;al&oacute;: &ldquo;Recibimos el Ministerio de Seguridad con 7 mil municiones para m&aacute;s de 10 mil polic&iacute;as y, en un trabajo en conjunto con fabricaciones militares, hemos podido comprar 300 mil municiones&rdquo;. El Gobernador aclar&oacute;: &ldquo;Estamos en proceso de compra de armamento, municiones y por supuesto equipamiento de Fabricaciones Militares para la polic&iacute;a&rdquo;.<\/p>\n<p>El Ministro de la Naci&oacute;n tendr&aacute; una apretada agenda durante el d&iacute;a. Visitar&aacute; el Hospital Militar, donde inaugurar&aacute; quir&oacute;fanos; y el Liceo Militar, para presenciar la salida de los cadetes que est&aacute;n de franco. Asimismo, visitar&aacute;, en helic&oacute;ptero, el Destacamento 15 de Caballer&iacute;a de Campo Los Andes, en Tunuy&aacute;n. Por la tarde, dejar&aacute; inaugurado el Jard&iacute;n Maternal de&nbsp;calle 9 de Julio, frente a la Municipalidad de la Capital.<\/p>\n<p><strong>El convenio<\/strong><\/p>\n<p>Durante el encuentro estuvieron presentes por la Direcci&oacute;n General de Escuelas (DGE), Emma Cunietti, subsecretaria de Planeamiento y Evaluaci&oacute;n de la Calidad Educativa, y Eduardo Nasiff, director de Servicios Educativos de Origen Social.<\/p>\n<p>La Direcci&oacute;n General de Escuelas ser&aacute; la encargada de designar el cuerpo docente, realizar las tareas de supervisi&oacute;n del jard&iacute;n a trav&eacute;s de los inspectores del &aacute;rea de Nivel Inicial, jefe distrital y jefe regional, prestar el servicio alimentario y conformar la Asociaci&oacute;n Cooperadora.<\/p>\n<p>En el convenio qued&oacute; establecido que se destine el 65% de la matr&iacute;cula a los hijos e hijas del personal de las Fuerzas Armadas y que el restante 35% sea ocupado por los ni&ntilde;os y ni&ntilde;as de familias de la comunidad vecinal correspondiente.<\/p>\n<p>Por su parte, el Ministerio de Defensa, a trav&eacute;s la fuerza armada que corresponda, se encargar&aacute; de la contrataci&oacute;n y pago de los haberes del personal, la provisi&oacute;n de los elementos de mantenimiento y de limpieza, de aportar el equipamiento, pago de los servicios y de la ejecuci&oacute;n de todas aquellas obras y refacciones necesarias para la conservaci&oacute;n en condiciones adecuadas de la infraestructura edilicia e&nbsp;instalaciones.<\/p>\n<\/body><\/html>\n","protected":false},"excerpt":{"rendered":"Mediante un trabajo conjunto entre Provincia y Naci\u00f3n, se pondr\u00e1 en funcionamiento un jard\u00edn maternal para las mujeres de las Fuerzas Armadas. Adem\u00e1s, el Gobernador y el ministro detallaron algunos de los proyectos en los que se trabaja desde el inicio de la gesti\u00f3n.","protected":false},"author":3,"featured_media":52333,"comment_status":"open","ping_status":"open","sticky":false,"template":"","format":"standard","meta":[],"categories":[19],"tags":[],"_links":{"self":[{"href":"https:\/\/www.mendoza.gov.ar\/prensa\/wp-json\/wp\/v2\/posts\/52319"}],"collection":[{"href":"https:\/\/www.mendoza.gov.ar\/prensa\/wp-json\/wp\/v2\/posts"}],"about":[{"href":"https:\/\/www.mendoza.gov.ar\/prensa\/wp-json\/wp\/v2\/types\/post"}],"author":[{"embeddable":true,"href":"https:\/\/www.mendoza.gov.ar\/prensa\/wp-json\/wp\/v2\/users\/3"}],"replies":[{"embeddable":true,"href":"https:\/\/www.mendoza.gov.ar\/prensa\/wp-json\/wp\/v2\/comments?post=52319"}],"version-history":[{"count":0,"href":"https:\/\/www.mendoza.gov.ar\/prensa\/wp-json\/wp\/v2\/posts\/52319\/revisions"}],"wp:featuredmedia":[{"embeddable":true,"href":"https:\/\/www.mendoza.gov.ar\/prensa\/wp-json\/wp\/v2\/media\/52333"}],"wp:attachment":[{"href":"https:\/\/www.mendoza.gov.ar\/prensa\/wp-json\/wp\/v2\/media?parent=52319"}],"wp:term":[{"taxonomy":"category","embeddable":true,"href":"https:\/\/www.mendoza.gov.ar\/prensa\/wp-json\/wp\/v2\/categories?post=52319"},{"taxonomy":"post_tag","embeddable":true,"href":"https:\/\/www.mendoza.gov.ar\/prensa\/wp-json\/wp\/v2\/tags?post=52319"}],"curies":[{"name":"wp","href":"https:\/\/api.w.org\/{rel}","templated":true}]}}