{"id":52360,"date":"2016-04-08T16:36:13","date_gmt":"2016-04-08T19:36:13","guid":{"rendered":"http:\/\/prensa.mendoza.gov.ar\/?p=52360"},"modified":"2016-04-08T16:36:13","modified_gmt":"2016-04-08T19:36:13","slug":"el-gobierno-acordo-pago-con-bonos-a-proveedores-y-reactivo-la-obra-publica","status":"publish","type":"post","link":"https:\/\/www.mendoza.gov.ar\/prensa\/el-gobierno-acordo-pago-con-bonos-a-proveedores-y-reactivo-la-obra-publica\/","title":{"rendered":"El Gobierno acord\u00f3 pago con bonos a proveedores y reactiv\u00f3 la obra p\u00fablica"},"content":{"rendered":"<!DOCTYPE html PUBLIC \"-\/\/W3C\/\/DTD HTML 4.0 Transitional\/\/EN\" \"http:\/\/www.w3.org\/TR\/REC-html40\/loose.dtd\">\n<html><body><p>Esta ma&ntilde;ana, el Gobernador Alfredo Cornejo anunci&oacute; que se lleg&oacute; a un acuerdo con los representantes de las c&aacute;maras de la construcci&oacute;n y sindicatos en cuanto al pago de la deuda. &ldquo;La inversi&oacute;n del Estado es muy importante en Mendoza para sostener el nivel de empleo y de inversi&oacute;n en general&rdquo;, dijo Cornejo tras destacar que &ldquo;nos hemos concentrado en buscar una salida porque no s&oacute;lo se deb&iacute;an pagar las deudas anteriores sino que adem&aacute;s necesit&aacute;bamos tener en ejecuci&oacute;n las obras que est&aacute;n en ejecuci&oacute;n&rdquo;.<\/p>\n<p>Cornejo resalt&oacute; que las prioridades son vivienda, reparaci&oacute;n y mantenimiento de escuelas, rutas, agua y cloacas. &ldquo;Las inversiones que vamos a hacer en obras durante el a&ntilde;o, que son muy medidas pero que queremos comprometernos y cumplirlas, son las que creemos que son posibles con el presupuesto que tenemos y con el financiamiento que tenemos&rdquo;, expres&oacute; en este sentido.<\/p>\n<p>Se&ntilde;al&oacute; que en el Instituto Provincial de la Vivienda (IPV) se ejecutar&aacute;n durante los pr&oacute;ximos 9 meses 729 millones de pesos de la Naci&oacute;n. La suma ha sido gestionada por el presidente del IPV, Dami&aacute;n Salamone, y por el ministro de Econom&iacute;a, Infraestructura y Energ&iacute;a, Enrique Vaqui&eacute;. El Gobernador se&ntilde;al&oacute; que &ldquo;la Provincia desembolsar&aacute; 387 millones de pesos como contraparte de lo que aportar&aacute;&nbsp;la Naci&oacute;n. Es una cifra importante considerando el estado en el que se encuentra la Provincia&rdquo;.<\/p>\n<p>De este modo se invertir&aacute;n 1.240 millones de pesos en vivienda. &ldquo;Apuntamos a hacer mucho m&aacute;s en vivienda y esperamos que a&ntilde;o tras a&ntilde;o podamos seguir progresando en la inversi&oacute;n para esta materia&rdquo; dijo Cornejo quien espera que &ldquo;estos 1240 millones reactiven empresas, fundamentalmente a las m&aacute;s chicas, que son las que se ocupan de vivienda, y las que afectan sobre el empleo y los afiliados de UOCRA&rdquo;.<\/p>\n<p>En cuanto a la reparaci&oacute;n y el mantenimiento de escuelas, el Gobernador se bas&oacute; en un relevamiento realizado entre los municipios y el Ministerio de Infraestructura. &ldquo;Hemos detectado 497 escuelas, que requieren inversiones por un monto de 95 millones de pesos. De ese monto se destinar&aacute;n 64 millones a arreglos, 6 millones a compra de bienes de capital, 25 millones para ampliaciones, lo que hace un total de 95 millones de pesos que se ejecutar&aacute;n este mismo a&ntilde;o&rdquo;, detall&oacute; Cornejo.<\/p>\n<p>Adem&aacute;s indic&oacute; que ya se ha cerrado un acuerdo con Vialidad Nacional para ejecutar 950 millones de pesos en obras. &ldquo;Se licitar&aacute; en agosto la doble v&iacute;a Mendoza &ndash; San Juan, que comenzar&aacute; a construirse a fin de a&ntilde;o. Tambi&eacute;n, hay una serie de obras, incluidas en fondos nacionales por m&aacute;s de 1.800 millones&rdquo;.<\/p>\n<p>Las obras se detallar&aacute;n una vez que se cierre el acuerdo con el Banco Interamericano de Desarrollo (BID) y el Banco Mundial. &ldquo;Esto es lo que la Provincia puede realmente invertir y por lo que nos podemos comprometer&rdquo;, sostuvo Cornejo.<\/p>\n<p>En paralelo a toda esta inversi&oacute;n, el Gobernador anunci&oacute; que la actual gesti&oacute;n se har&aacute; cargo de las deudas contra&iacute;das en los &uacute;ltimos a&ntilde;os (de 2012 a 2015) que hayan sido debidamente verificadas y certificadas. &ldquo;Esas certificaciones, hasta el momento, suman 580 millones de pesos. Una parte se pagar&aacute; con bonos y otra, con dinero en efectivo&rdquo;.<\/p>\n<p>Finalmente inform&oacute; que hasta el momento &ldquo;la verificaci&oacute;n total de deuda, no s&oacute;lo de proveedores de obras, ya llega a 2.600 millones. Las deudas atrasadas y flotantes eran bastante m&aacute;s grandes que las que se estimaron en principio&rdquo;.<\/p>\n<\/body><\/html>\n","protected":false},"excerpt":{"rendered":"El Gobernador anunci\u00f3 esta ma\u00f1ana el pago de deuda contra\u00edda en la gesti\u00f3n anterior. Gracias al acuerdo se reavivar\u00e1 la construcci\u00f3n en nuestra provincia.","protected":false},"author":3,"featured_media":52364,"comment_status":"open","ping_status":"open","sticky":false,"template":"","format":"standard","meta":[],"categories":[19],"tags":[],"_links":{"self":[{"href":"https:\/\/www.mendoza.gov.ar\/prensa\/wp-json\/wp\/v2\/posts\/52360"}],"collection":[{"href":"https:\/\/www.mendoza.gov.ar\/prensa\/wp-json\/wp\/v2\/posts"}],"about":[{"href":"https:\/\/www.mendoza.gov.ar\/prensa\/wp-json\/wp\/v2\/types\/post"}],"author":[{"embeddable":true,"href":"https:\/\/www.mendoza.gov.ar\/prensa\/wp-json\/wp\/v2\/users\/3"}],"replies":[{"embeddable":true,"href":"https:\/\/www.mendoza.gov.ar\/prensa\/wp-json\/wp\/v2\/comments?post=52360"}],"version-history":[{"count":0,"href":"https:\/\/www.mendoza.gov.ar\/prensa\/wp-json\/wp\/v2\/posts\/52360\/revisions"}],"wp:featuredmedia":[{"embeddable":true,"href":"https:\/\/www.mendoza.gov.ar\/prensa\/wp-json\/wp\/v2\/media\/52364"}],"wp:attachment":[{"href":"https:\/\/www.mendoza.gov.ar\/prensa\/wp-json\/wp\/v2\/media?parent=52360"}],"wp:term":[{"taxonomy":"category","embeddable":true,"href":"https:\/\/www.mendoza.gov.ar\/prensa\/wp-json\/wp\/v2\/categories?post=52360"},{"taxonomy":"post_tag","embeddable":true,"href":"https:\/\/www.mendoza.gov.ar\/prensa\/wp-json\/wp\/v2\/tags?post=52360"}],"curies":[{"name":"wp","href":"https:\/\/api.w.org\/{rel}","templated":true}]}}