{"id":52475,"date":"2016-04-11T11:10:26","date_gmt":"2016-04-11T14:10:26","guid":{"rendered":"http:\/\/prensa.mendoza.gov.ar\/?p=52475"},"modified":"2016-04-11T11:10:26","modified_gmt":"2016-04-11T14:10:26","slug":"hasta-el-21-de-abril-se-podran-denunciar-danos-por-granizo-en-san-rafael","status":"publish","type":"post","link":"https:\/\/www.mendoza.gov.ar\/prensa\/hasta-el-21-de-abril-se-podran-denunciar-danos-por-granizo-en-san-rafael\/","title":{"rendered":"Hasta el 21 de abril se podr\u00e1n denunciar da\u00f1os por granizo en San Rafael"},"content":{"rendered":"<!DOCTYPE html PUBLIC \"-\/\/W3C\/\/DTD HTML 4.0 Transitional\/\/EN\" \"http:\/\/www.w3.org\/TR\/REC-html40\/loose.dtd\">\n<html><body><div><span lang=\"ES-AR\">Los productores de San Rafael que fueron afectados por granizo el pasado 7 de abril tienen tiempo para denunciar los da&ntilde;os hasta el jueves 21. La convocatoria est&aacute; dirigida a los agricultores de Rama Ca&iacute;da, Cuadro Nacional, Cuadro Benegas y Ciudad del departamento sure&ntilde;o.<\/span><\/div>\n<div><span lang=\"ES-AR\">&nbsp;<\/span><\/div>\n<div><span lang=\"ES-AR\">Para realizar el tr&aacute;mite de denuncia, deben presentarse en la delegaci&oacute;n de la Direcci&oacute;n de Agricultura y Contingencias Clim&aacute;ticas (DACC) con el comprobante del Registro de Uso Permanente de la Tierra (RUT) o el CUIT del titular de la finca, y detallar los &nbsp;linderos de la propiedad.<br>\n<\/span><\/div>\n<div><span lang=\"ES-AR\">&nbsp;<\/span><\/div>\n<div><span lang=\"ES-AR\">La sede de la DACC est&aacute; en Alsina 445 de la Ciudad de San Rafael, tel&eacute;fono 02604438052. La denuncia es fundamental para que los peritos realicen las tasaciones correspondientes de los da&ntilde;os ocasionados por el granizo.<\/span><\/div>\n<\/body><\/html>\n","protected":false},"excerpt":{"rendered":"El llamado es para los productores que sufrieron p\u00e9rdidas con las tormentas del jueves 7 de abril, que afect\u00f3 a varios distritos del departamento sure\u00f1o.","protected":false},"author":3,"featured_media":52480,"comment_status":"open","ping_status":"open","sticky":false,"template":"","format":"standard","meta":[],"categories":[1],"tags":[],"_links":{"self":[{"href":"https:\/\/www.mendoza.gov.ar\/prensa\/wp-json\/wp\/v2\/posts\/52475"}],"collection":[{"href":"https:\/\/www.mendoza.gov.ar\/prensa\/wp-json\/wp\/v2\/posts"}],"about":[{"href":"https:\/\/www.mendoza.gov.ar\/prensa\/wp-json\/wp\/v2\/types\/post"}],"author":[{"embeddable":true,"href":"https:\/\/www.mendoza.gov.ar\/prensa\/wp-json\/wp\/v2\/users\/3"}],"replies":[{"embeddable":true,"href":"https:\/\/www.mendoza.gov.ar\/prensa\/wp-json\/wp\/v2\/comments?post=52475"}],"version-history":[{"count":0,"href":"https:\/\/www.mendoza.gov.ar\/prensa\/wp-json\/wp\/v2\/posts\/52475\/revisions"}],"wp:featuredmedia":[{"embeddable":true,"href":"https:\/\/www.mendoza.gov.ar\/prensa\/wp-json\/wp\/v2\/media\/52480"}],"wp:attachment":[{"href":"https:\/\/www.mendoza.gov.ar\/prensa\/wp-json\/wp\/v2\/media?parent=52475"}],"wp:term":[{"taxonomy":"category","embeddable":true,"href":"https:\/\/www.mendoza.gov.ar\/prensa\/wp-json\/wp\/v2\/categories?post=52475"},{"taxonomy":"post_tag","embeddable":true,"href":"https:\/\/www.mendoza.gov.ar\/prensa\/wp-json\/wp\/v2\/tags?post=52475"}],"curies":[{"name":"wp","href":"https:\/\/api.w.org\/{rel}","templated":true}]}}