{"id":52484,"date":"2016-04-11T12:11:23","date_gmt":"2016-04-11T15:11:23","guid":{"rendered":"http:\/\/prensa.mendoza.gov.ar\/?p=52484"},"modified":"2016-04-11T12:11:23","modified_gmt":"2016-04-11T15:11:23","slug":"capacitaran-a-emprendedores-industriales","status":"publish","type":"post","link":"https:\/\/www.mendoza.gov.ar\/prensa\/capacitaran-a-emprendedores-industriales\/","title":{"rendered":"Capacitar\u00e1n a emprendedores industriales"},"content":{"rendered":"<!DOCTYPE html PUBLIC \"-\/\/W3C\/\/DTD HTML 4.0 Transitional\/\/EN\" \"http:\/\/www.w3.org\/TR\/REC-html40\/loose.dtd\">\n<html><body><div>El Ministerio de Econom&iacute;a, Infraestructura y Energ&iacute;a, a trav&eacute;s del&nbsp;Instituto de Desarrollo Industrial, Tecnol&oacute;gico y de Servicios (IDITS),&nbsp;convoca a empresarios, emprendedores y referentes de los distintos&nbsp;sectores industriales a participar en&nbsp;la capacitaci&oacute;n a cargo de la&nbsp;Fundaci&oacute;n Mayo, miembro socio del instituto. Se realizar&aacute; el&nbsp;mi&eacute;rcoles 13, de 9 a 12, en el Auditorio del IDITS, Juli&aacute;n Barraquero 130, Ciudad.<\/div>\n<div><\/div>\n<div>El temario que se desarrollar&aacute; ser&aacute;:<\/div>\n<div>*&nbsp; &nbsp; &nbsp; &nbsp; Gestionar en tiempos de crisis. Desmitificar el concepto de crisis.<br>\n*&nbsp; &nbsp; &nbsp; &nbsp; Reconocer&nbsp; la crisis en los distintos contextos (econ&oacute;mico,&nbsp;pol&iacute;tico y social, etc.)<br>\n*&nbsp; &nbsp; &nbsp; &nbsp; Creatividad, innovaci&oacute;n y adaptaci&oacute;n en tiempo de crisis.<br>\n*&nbsp; &nbsp; &nbsp; &nbsp; Diversos roles frente a las crisis y c&oacute;mo se expresan mis talentos.<\/div>\n<div><\/div>\n<div>Las disertantes a cargo del encuentro ser&aacute;n Rosana Nieddu, licenciada en&nbsp;Relaciones Humanas. Presidenta de la Fundaci&oacute;n Mayo y&nbsp;coordinadora del Posgrado&nbsp;&ldquo;Gesti&oacute;n en Recursos Humanos&rdquo; de la Universidad Maza, y<\/div>\n<div>Julieta Araya,&nbsp;mag&iacute;ster en Direcci&oacute;n de Recursos Humanos, licenciada en Relaciones&nbsp;Humanas,&nbsp;t&eacute;cnica en Higiene y Seguridad Laboral y responsable del Sistema&nbsp;de Gesti&oacute;n de Calidad ISO 9001 en el Hospital Perrupato.<\/div>\n<div><\/div>\n<div>Para m&aacute;s&nbsp;informaci&oacute;n, los interesados podr&aacute;n comunicarse a &nbsp;los correos electr&oacute;nicos&nbsp;<a href=\"mailto:promocion@idits.org.ar\" target=\"_blank\">promocion@idits.org.ar<\/a> y <a href=\"mailto:socios@idits.org.ar\" target=\"_blank\">socios@idits.org.ar<\/a> o bien a los tel&eacute;fonos&nbsp;261 4246347\/4241475.<\/div>\n<\/body><\/html>\n","protected":false},"excerpt":{"rendered":"Es en el marco del Programa de Capacitaci\u00f3n y se realizar\u00e1 el mi\u00e9rcoles 13, de 9 a 12, en el Auditorio del IDITS, Juli\u00e1n Barraquero 130 de\u00a0Ciudad.","protected":false},"author":3,"featured_media":0,"comment_status":"open","ping_status":"open","sticky":false,"template":"","format":"standard","meta":[],"categories":[1],"tags":[],"_links":{"self":[{"href":"https:\/\/www.mendoza.gov.ar\/prensa\/wp-json\/wp\/v2\/posts\/52484"}],"collection":[{"href":"https:\/\/www.mendoza.gov.ar\/prensa\/wp-json\/wp\/v2\/posts"}],"about":[{"href":"https:\/\/www.mendoza.gov.ar\/prensa\/wp-json\/wp\/v2\/types\/post"}],"author":[{"embeddable":true,"href":"https:\/\/www.mendoza.gov.ar\/prensa\/wp-json\/wp\/v2\/users\/3"}],"replies":[{"embeddable":true,"href":"https:\/\/www.mendoza.gov.ar\/prensa\/wp-json\/wp\/v2\/comments?post=52484"}],"version-history":[{"count":0,"href":"https:\/\/www.mendoza.gov.ar\/prensa\/wp-json\/wp\/v2\/posts\/52484\/revisions"}],"wp:attachment":[{"href":"https:\/\/www.mendoza.gov.ar\/prensa\/wp-json\/wp\/v2\/media?parent=52484"}],"wp:term":[{"taxonomy":"category","embeddable":true,"href":"https:\/\/www.mendoza.gov.ar\/prensa\/wp-json\/wp\/v2\/categories?post=52484"},{"taxonomy":"post_tag","embeddable":true,"href":"https:\/\/www.mendoza.gov.ar\/prensa\/wp-json\/wp\/v2\/tags?post=52484"}],"curies":[{"name":"wp","href":"https:\/\/api.w.org\/{rel}","templated":true}]}}