{"id":52528,"date":"2016-04-11T16:52:53","date_gmt":"2016-04-11T19:52:53","guid":{"rendered":"http:\/\/prensa.mendoza.gov.ar\/?p=52528"},"modified":"2016-04-11T16:52:53","modified_gmt":"2016-04-11T19:52:53","slug":"quedo-oficializada-la-conformacion-del-ente-binacional-las-lenas","status":"publish","type":"post","link":"https:\/\/www.mendoza.gov.ar\/prensa\/quedo-oficializada-la-conformacion-del-ente-binacional-las-lenas\/","title":{"rendered":"Qued\u00f3 oficializada la conformaci\u00f3n del Ente Binacional Las Le\u00f1as"},"content":{"rendered":"<!DOCTYPE html PUBLIC \"-\/\/W3C\/\/DTD HTML 4.0 Transitional\/\/EN\" \"http:\/\/www.w3.org\/TR\/REC-html40\/loose.dtd\">\n<html><body><p>El Gobernador Alfredo Cornejo, junto al ministro de Econom&iacute;a, Infraestructura y Energ&iacute;a, Enrique Vaqui&eacute;, firmaron el convenio que oficializa la conformaci&oacute;n el Ente Binacional Las Le&ntilde;as.<\/p>\n<p>El acto fue este mediod&iacute;a en el Palacio San Mart&iacute;n en Buenos Aires, y adem&aacute;s del Gobernador participaron de la actividad&nbsp;Alberto Undurraga Vicu&ntilde;a, ministro de Obras P&uacute;blicas de Chile; Teresa N&uacute;&ntilde;ez, intendenta de O&rsquo;Higgins, Chile; Enrique Vaqui&eacute;, ministro de Econom&iacute;a, Infraestructura y Energ&iacute;a, Emir F&eacute;lix, intendente de San Rafael; Carlos Foradori, vicecanciller por la Argentina y Jose Octavio Bord&oacute;n embajador de nuestro pa&iacute;s en Chile.<\/p>\n<p>A trav&eacute;s del ente, presidido por Vaqui&eacute; e integrado por autoridades argentinas y chilenas, se busca canalizar la realizaci&oacute;n de los estudios t&eacute;cnicos que permitir&aacute;n a ambos pa&iacute;ses discernir sobre el mejor mecanismo para concretar el Paso Las Le&ntilde;as, como tambi&eacute;n la b&uacute;squeda de financiamiento y la licitaci&oacute;n de la megaobra.<\/p>\n<p>El Gobernador, desde Buenos Aires, coment&oacute;: &ldquo;El convenio Elbile&ntilde;as&nbsp;permitir&aacute; a Chile y Argentina discernir el mejor mecanismo para concretar el Paso Las Le&ntilde;as&rdquo;. Por su parte, Alberto Undurraga afirm&oacute;: &ldquo;Estoy seguro de que con la creaci&oacute;n de Ebile&ntilde;as lo que estamos haciendo es construir un futuro mejor tanto para los chilenos como para los argentinos&rdquo;.<\/p>\n<p>El paso, que se ubicar&aacute; en San Rafael, agilizar&aacute; el transporte y conectar&aacute; directamente el Sur mendocino con el puerto chileno de San Antonio, de ah&iacute; la&nbsp;importancia estrat&eacute;gica de esta obra para el crecimiento y el desarrollo regional.<\/p>\n<p>Ebile&ntilde;as fue creado jur&iacute;dicamente en 2015. Si bien quienes forman parte de la comisi&oacute;n de este proyecto alaban el hecho de que haya sido conformado despu&eacute;s de tan s&oacute;lo cuatro&nbsp;comit&eacute;s, tiempo r&eacute;cord, advierten que no es una obra r&aacute;pida. &ldquo;Ahora comienza la b&uacute;squeda de financiamiento y la negociaci&oacute;n entre ambos pa&iacute;ses para llegar a la licitaci&oacute;n de la obra, un proceso que requerir&aacute; de varios a&ntilde;os&rdquo;, explic&oacute;&nbsp;Vaqui&eacute;, acompa&ntilde;ado de Alfredo Cornejo.<\/p>\n<p>A principios de abril, el ministro mantuvo con encuentro con el intendente de San Rafel, Emir F&eacute;lix. En esa&nbsp;oportunidad, los funcionarios&nbsp;indicaron que desde la C&aacute;mara de Comercio de San Rafael estimaron que el proyecto tendr&iacute;a un plazo de obra no menor a seis o siete a&ntilde;os. Asimismo, destacaron la importancia de las reuniones protocolares y avances administrativos tanto de Chile como de Argentina, que agilizar&aacute;n la licitaci&oacute;n de la obra.<\/p>\n<p><a href=\"https:\/\/www.mendoza.gov.ar\/prensa\/wp-content\/uploads\/sites\/23\/firma.jpg\"><img loading=\"lazy\" class=\"alignnone wp-image-52555 img-responsive center-block\" src=\"https:\/\/www.mendoza.gov.ar\/prensa\/wp-content\/uploads\/sites\/23\/firma.jpg\" alt=\"\" width=\"650\" height=\"433\"><\/a><\/p>\n<p><strong>Detalles de la obra<\/strong><\/p>\n<p>Se contempla construir un t&uacute;nel de 13 kil&oacute;metros de longitud a 2.050 metros sobre el nivel del mar. La estructura permanecer&aacute; abierta los 365 d&iacute;as del a&ntilde;o para todo tipo de veh&iacute;culos, en un camino sin curvas, subidas ni bajadas, que lo convertir&aacute; en uno de los pasos m&aacute;s utilizados dadas estas caracter&iacute;sticas.<\/p>\n<p>Para la concreci&oacute;n del proyecto, Chile deber&aacute; construir 13 kil&oacute;metros de asfalto, mientras que Argentina deber&aacute; incorporar 60 kil&oacute;metros a sus rutas.<\/p>\n<p><strong>Por sus caracter&iacute;sticas y ubicaci&oacute;n geogr&aacute;fica, el Paso Las Le&ntilde;as asegura:<\/strong><\/p>\n<ul>\n<li>365 d&iacute;as de transitabilidad.<\/li>\n<li>Menor costo de operaci&oacute;n y mantenimiento en &eacute;poca invernal, debido a su baja altura.<\/li>\n<li>&Oacute;ptima transitabilidad (por la corta longitud del t&uacute;nel y menor pendiente de los caminos de acceso).<\/li>\n<li>Din&aacute;mico intercambio regional.<\/li>\n<li>Conectividad entre el Atl&aacute;ntico y el Pac&iacute;fico.<\/li>\n<li>El enlace entre los pa&iacute;ses del Mercosur y una efectiva salida a los mercados asi&aacute;ticos.<\/li>\n<\/ul>\n<\/body><\/html>\n","protected":false},"excerpt":{"rendered":"El Gobernador viaj\u00f3 a Buenos Aires, junto a Enrique Vaqui\u00e9, a firmar el convenio para concretar el paso que unir\u00e1 Argentina y Chile por el Sur mendocino.","protected":false},"author":3,"featured_media":52554,"comment_status":"open","ping_status":"open","sticky":false,"template":"","format":"standard","meta":[],"categories":[19],"tags":[],"_links":{"self":[{"href":"https:\/\/www.mendoza.gov.ar\/prensa\/wp-json\/wp\/v2\/posts\/52528"}],"collection":[{"href":"https:\/\/www.mendoza.gov.ar\/prensa\/wp-json\/wp\/v2\/posts"}],"about":[{"href":"https:\/\/www.mendoza.gov.ar\/prensa\/wp-json\/wp\/v2\/types\/post"}],"author":[{"embeddable":true,"href":"https:\/\/www.mendoza.gov.ar\/prensa\/wp-json\/wp\/v2\/users\/3"}],"replies":[{"embeddable":true,"href":"https:\/\/www.mendoza.gov.ar\/prensa\/wp-json\/wp\/v2\/comments?post=52528"}],"version-history":[{"count":0,"href":"https:\/\/www.mendoza.gov.ar\/prensa\/wp-json\/wp\/v2\/posts\/52528\/revisions"}],"wp:featuredmedia":[{"embeddable":true,"href":"https:\/\/www.mendoza.gov.ar\/prensa\/wp-json\/wp\/v2\/media\/52554"}],"wp:attachment":[{"href":"https:\/\/www.mendoza.gov.ar\/prensa\/wp-json\/wp\/v2\/media?parent=52528"}],"wp:term":[{"taxonomy":"category","embeddable":true,"href":"https:\/\/www.mendoza.gov.ar\/prensa\/wp-json\/wp\/v2\/categories?post=52528"},{"taxonomy":"post_tag","embeddable":true,"href":"https:\/\/www.mendoza.gov.ar\/prensa\/wp-json\/wp\/v2\/tags?post=52528"}],"curies":[{"name":"wp","href":"https:\/\/api.w.org\/{rel}","templated":true}]}}