{"id":52569,"date":"2016-04-12T09:55:42","date_gmt":"2016-04-12T12:55:42","guid":{"rendered":"http:\/\/prensa.mendoza.gov.ar\/?p=52569"},"modified":"2016-04-12T09:55:42","modified_gmt":"2016-04-12T12:55:42","slug":"mingorance-compartio-agenda-de-trabajo-con-la-comision-de-ambiente-del-senado","status":"publish","type":"post","link":"https:\/\/www.mendoza.gov.ar\/prensa\/mingorance-compartio-agenda-de-trabajo-con-la-comision-de-ambiente-del-senado\/","title":{"rendered":"Mingorance comparti\u00f3 agenda de trabajo con la Comisi\u00f3n de Ambiente del Senado"},"content":{"rendered":"<!DOCTYPE html PUBLIC \"-\/\/W3C\/\/DTD HTML 4.0 Transitional\/\/EN\" \"http:\/\/www.w3.org\/TR\/REC-html40\/loose.dtd\">\n<html><body><p>El secretario de Ambiente, Humberto Mingorance, se reuni&oacute; en la C&aacute;mara de Senadores con el objetivo de repasar los proyectos de reservas naturales que no fueron tratados por m&aacute;s de una d&eacute;cada.<span style=\"color: #ff0000\">&nbsp;<span style=\"color: #000000\">&ldquo;En la medida que se pueda, vamos a dar permiso a privados, municipios o al mismo Gobierno provincial para seguir ampliando algunas &aacute;reas, teniendo en cuenta la potencialidad de los terrenos&rdquo;, asegur&oacute; el funcionario.<\/span><\/span><\/p>\n<p>El secretario tambi&eacute;n expuso acerca del nuevo Plan de Ordenamiento Territorial, presentado a fines del a&ntilde;o pasado, y adelant&oacute; a los legisladores que se est&aacute;n produciendo nuevos contenidos con todos los sectores, entre ellos la Universidad Nacional de Cuyo.&nbsp;En este sentido, Mingorance coment&oacute; que intentar&aacute;n en algunos meses presentar el nuevo Plan de Ordenamiento Territorial que cuente con el consenso de todos los actores que participaron del armado de los contenidos.<\/p>\n<p>Finalizando el encuentro, uno de los temas principales fue Unicipio, en el que Mingorance plante&oacute; la importancia que tiene el trabajo en conjunto dentro del &Aacute;rea Metropolitana de Mendoza. Explic&oacute; que las&nbsp;pol&iacute;ticas conjuntas entre las comunas son necesarias para&nbsp;resolver cuestiones interdepartamentales respecto de&nbsp;la seguridad, gesti&oacute;n de residuos s&oacute;lidos urbanos, arbolado p&uacute;blico y espacios verdes y el ordenamiento del tr&aacute;nsito y el transporte p&uacute;blico.<\/p>\n<\/body><\/html>\n","protected":false},"excerpt":{"rendered":"En este primer encuentro del funcionario del Ejecutivo con la Comisi\u00f3n de Ambiente de la C\u00e1mara de Senadores se busc\u00f3 encontrar puntos para avanzar en las pol\u00edticas estrat\u00e9gicas como Unicipio, reservas naturales y ordenamiento territorial.\n\n\u00a0","protected":false},"author":3,"featured_media":52574,"comment_status":"open","ping_status":"open","sticky":false,"template":"","format":"standard","meta":[],"categories":[3],"tags":[],"_links":{"self":[{"href":"https:\/\/www.mendoza.gov.ar\/prensa\/wp-json\/wp\/v2\/posts\/52569"}],"collection":[{"href":"https:\/\/www.mendoza.gov.ar\/prensa\/wp-json\/wp\/v2\/posts"}],"about":[{"href":"https:\/\/www.mendoza.gov.ar\/prensa\/wp-json\/wp\/v2\/types\/post"}],"author":[{"embeddable":true,"href":"https:\/\/www.mendoza.gov.ar\/prensa\/wp-json\/wp\/v2\/users\/3"}],"replies":[{"embeddable":true,"href":"https:\/\/www.mendoza.gov.ar\/prensa\/wp-json\/wp\/v2\/comments?post=52569"}],"version-history":[{"count":0,"href":"https:\/\/www.mendoza.gov.ar\/prensa\/wp-json\/wp\/v2\/posts\/52569\/revisions"}],"wp:featuredmedia":[{"embeddable":true,"href":"https:\/\/www.mendoza.gov.ar\/prensa\/wp-json\/wp\/v2\/media\/52574"}],"wp:attachment":[{"href":"https:\/\/www.mendoza.gov.ar\/prensa\/wp-json\/wp\/v2\/media?parent=52569"}],"wp:term":[{"taxonomy":"category","embeddable":true,"href":"https:\/\/www.mendoza.gov.ar\/prensa\/wp-json\/wp\/v2\/categories?post=52569"},{"taxonomy":"post_tag","embeddable":true,"href":"https:\/\/www.mendoza.gov.ar\/prensa\/wp-json\/wp\/v2\/tags?post=52569"}],"curies":[{"name":"wp","href":"https:\/\/api.w.org\/{rel}","templated":true}]}}