{"id":52723,"date":"2016-04-12T20:08:01","date_gmt":"2016-04-12T23:08:01","guid":{"rendered":"http:\/\/prensa.mendoza.gov.ar\/?p=52723"},"modified":"2016-04-12T20:08:01","modified_gmt":"2016-04-12T23:08:01","slug":"cornejo-cerro-un-convenio-con-la-nacion-para-viviendas","status":"publish","type":"post","link":"https:\/\/www.mendoza.gov.ar\/prensa\/cornejo-cerro-un-convenio-con-la-nacion-para-viviendas\/","title":{"rendered":"Cornejo cerr\u00f3 un convenio con la Naci\u00f3n para viviendas"},"content":{"rendered":"<!DOCTYPE html PUBLIC \"-\/\/W3C\/\/DTD HTML 4.0 Transitional\/\/EN\" \"http:\/\/www.w3.org\/TR\/REC-html40\/loose.dtd\">\n<html><body><p>El Gobernador Alfredo Cornejo&nbsp;realiz&oacute; gestiones ayer en&nbsp;Buenos Aires para&nbsp;comenzar a cerrar diferentes gestiones con la Naci&oacute;n. Al mediod&iacute;a firm&oacute; un convenio&nbsp;por el&nbsp;cual qued&oacute; oficializado&nbsp;el Ente Binacional Las Le&ntilde;as (Ebile&ntilde;as), mientras que durante la noche particip&oacute; en&nbsp;la cena del Centro de Implementaci&oacute;n de Pol&iacute;ticas P&uacute;blicas para la Equidad y el Crecimiento (CIPPEC).<\/p>\n<p>Hoy almorz&oacute; en la Quinta de Olivos, donde dio a conocer el balance de sus casi cuatro&nbsp;meses de gesti&oacute;n, ante el Presidente, gobernadores y legisladores del Frente Cambiemos. Durante la tarde cerr&oacute; un convenio que permitir&aacute; reactivar las obras en materia de vivienda que la gesti&oacute;n anterior hab&iacute;a dejado inconclusas, como tambi&eacute;n financiar nuevos proyectos para la provincia.<\/p>\n<div id=\"attachment_52730\" style=\"width: 660px\" class=\"wp-caption alignnone\"><a href=\"https:\/\/www.mendoza.gov.ar\/prensa\/wp-content\/uploads\/sites\/23\/Pe%C3%B1a-Vidal-Cornejo-Corral-11.jpg\"><img aria-describedby=\"caption-attachment-52730\" loading=\"lazy\" class=\"wp-image-52730 img-responsive center-block\" src=\"https:\/\/www.mendoza.gov.ar\/prensa\/wp-content\/uploads\/sites\/23\/Pe%C3%B1a-Vidal-Cornejo-Corral-11.jpg\" alt=\"Pe&ntilde;a, Vidal, Cornejo, Corral \" width=\"650\" height=\"431\"><\/a><p id=\"caption-attachment-52730\" class=\"wp-caption-text\">Pe&ntilde;a, Vidal, Cornejo y Corral durante el almuerzo en la Quinta de Olivos.<\/p><\/div>\n<p>Junto al ministro de Econom&iacute;a, Infraestructura y Energ&iacute;a, Enrique Vaqui&eacute;, el Gobernador lleg&oacute; hasta las dependencias del Ministerio del Interior, Obras P&uacute;blicas y Vivienda de la Naci&oacute;n, donde fueron recibidos por el secretario de Vivienda y H&aacute;bitat, Domingo Amaya.<\/p>\n<p>Los funcionarios firmaron&nbsp;un convenio de colaboraci&oacute;n para la construcci&oacute;n de viviendas, urbanizaci&oacute;n de barrios vulnerables y mejoramiento del h&aacute;bitat. Las partes se comprometieron a cooperar en el desarrollo y en la implementaci&oacute;n de acciones y medidas estrat&eacute;gicas con el objetivo de dar soluci&oacute;n al problema habitacional. &ldquo;En Mendoza tenemos una dificultad y es que tenemos 4.600 viviendas en ejecuci&oacute;n y van a un ritmo muy lento porque no se les ven&iacute;a pagando a los proveedores&rdquo;, dijo Cornejo.<\/p>\n<p>&ldquo;El d&eacute;ficit habitacional es muy alto y para mitigarlo necesitamos mayor financiamiento&rdquo;, se&ntilde;al&oacute; el Gobernador. En este sentido, destac&oacute; que el convenio le permitir&aacute; &ldquo;agilizar las 5.500 viviendas que dej&oacute; adjudicadas el Gobierno anterior de&nbsp;forma irresponsable, porque en muchos casos no ten&iacute;an terrenos, ni tampoco financiamiento&rdquo;.<\/p>\n<div id=\"attachment_52738\" style=\"width: 660px\" class=\"wp-caption alignnone\"><a href=\"https:\/\/www.mendoza.gov.ar\/prensa\/wp-content\/uploads\/sites\/23\/blk0408.jpg\"><img aria-describedby=\"caption-attachment-52738\" loading=\"lazy\" class=\"wp-image-52738 img-responsive center-block\" src=\"https:\/\/www.mendoza.gov.ar\/prensa\/wp-content\/uploads\/sites\/23\/blk0408.jpg\" alt=\"Alfredo Cornejo y Domingo Amaya\" width=\"650\" height=\"443\"><\/a><p id=\"caption-attachment-52738\" class=\"wp-caption-text\">Alfredo Cornejo y Domingo Amaya<\/p><\/div>\n<p>Cornejo sostuvo que &ldquo;normalizar la situaci&oacute;n y gestionar nuevos proyectos&rdquo; habitacionales es uno de los principales objetivos de este acuerdo que permitir&aacute; &ldquo;recibir de manera m&aacute;s &aacute;gil los fondos que se destinen a los distintos emprendimientos del Instituto Provincial de la Vivienda (IPV)&rdquo;.<\/p>\n<\/body><\/html>\n","protected":false},"excerpt":{"rendered":"El Gobernador logr\u00f3 un nuevo financiamiento para la Provincia en su recorrida por Buenos Aires. Luego de almorzar en Olivos junto al Presidente, gobernadores y legisladores de Cambiemos, Cornejo firm\u00f3 con el ministro del Interior de la Naci\u00f3n un convenio para mitigar el d\u00e9ficit habitacional.","protected":false},"author":3,"featured_media":52737,"comment_status":"open","ping_status":"open","sticky":false,"template":"","format":"standard","meta":[],"categories":[19],"tags":[],"_links":{"self":[{"href":"https:\/\/www.mendoza.gov.ar\/prensa\/wp-json\/wp\/v2\/posts\/52723"}],"collection":[{"href":"https:\/\/www.mendoza.gov.ar\/prensa\/wp-json\/wp\/v2\/posts"}],"about":[{"href":"https:\/\/www.mendoza.gov.ar\/prensa\/wp-json\/wp\/v2\/types\/post"}],"author":[{"embeddable":true,"href":"https:\/\/www.mendoza.gov.ar\/prensa\/wp-json\/wp\/v2\/users\/3"}],"replies":[{"embeddable":true,"href":"https:\/\/www.mendoza.gov.ar\/prensa\/wp-json\/wp\/v2\/comments?post=52723"}],"version-history":[{"count":0,"href":"https:\/\/www.mendoza.gov.ar\/prensa\/wp-json\/wp\/v2\/posts\/52723\/revisions"}],"wp:featuredmedia":[{"embeddable":true,"href":"https:\/\/www.mendoza.gov.ar\/prensa\/wp-json\/wp\/v2\/media\/52737"}],"wp:attachment":[{"href":"https:\/\/www.mendoza.gov.ar\/prensa\/wp-json\/wp\/v2\/media?parent=52723"}],"wp:term":[{"taxonomy":"category","embeddable":true,"href":"https:\/\/www.mendoza.gov.ar\/prensa\/wp-json\/wp\/v2\/categories?post=52723"},{"taxonomy":"post_tag","embeddable":true,"href":"https:\/\/www.mendoza.gov.ar\/prensa\/wp-json\/wp\/v2\/tags?post=52723"}],"curies":[{"name":"wp","href":"https:\/\/api.w.org\/{rel}","templated":true}]}}