{"id":52776,"date":"2016-04-13T15:53:31","date_gmt":"2016-04-13T18:53:31","guid":{"rendered":"http:\/\/prensa.mendoza.gov.ar\/?p=52776"},"modified":"2016-04-13T15:53:31","modified_gmt":"2016-04-13T18:53:31","slug":"cornejo-mendoza-necesita-una-policia-con-prestigio","status":"publish","type":"post","link":"https:\/\/www.mendoza.gov.ar\/prensa\/cornejo-mendoza-necesita-una-policia-con-prestigio\/","title":{"rendered":"Cornejo: \u201cMendoza necesita una polic\u00eda con prestigio\u201d"},"content":{"rendered":"<!DOCTYPE html PUBLIC \"-\/\/W3C\/\/DTD HTML 4.0 Transitional\/\/EN\" \"http:\/\/www.w3.org\/TR\/REC-html40\/loose.dtd\">\n<html><body><p>El Gobernador particip&oacute; del acto de inicio de ciclo lectivo del Instituto Universitario de Seguridad P&uacute;blica (IUSP). Ante 130 estudiantes y autoridades del centro, present&oacute; la nueva Ley del Defensor de Polic&iacute;as y los cambios realizados en la Ley &nbsp;N&ordm; 6782. Estuvo acompa&ntilde;ado por el ministro de Seguridad, Gianni Venier, el director de Polic&iacute;as, Roberto Munives, y el director General del Instituto, Alejandro Ant&oacute;n.<\/p>\n<p>Con mayores exigencias para ingresar a la Polic&iacute;a, que implican cambios en la curr&iacute;cula del Instituto de Seguridad P&uacute;blica, se realiz&oacute; el acto de apertura del ciclo acad&eacute;mico 2016 de la Licenciatura y Tecnicatura del IUSP General Jos&eacute; de San Mart&iacute;n. &ldquo;Hemos hecho sancionar una nueva Ley de Polic&iacute;a y una Ley complementaria donde cambiamos las exigencias para entrar en el Instituto. Creemos que este nuevo concepto, va a hacer que la polic&iacute;a gane en prestigio&rdquo; se&ntilde;al&oacute; el Gobernador.<\/p>\n<p>La nueva normativa de ingreso contempla requisitos relacionados no s&oacute;lo con la pr&aacute;ctica, sino tambi&eacute;n con la formaci&oacute;n psicol&oacute;gica, adem&aacute;s de exigirles a los aspirantes que tengan el secundario completo y que no superen los 30 a&ntilde;os de edad. &ldquo;Para ser un buen polic&iacute;a hay normas de conducta; valores que crear, transmitir y transferir; capacitaciones muchos m&aacute;s exhaustivas y exigencias mayores a las que se han tenido que hay que cumplir&rdquo; dijo Cornejo al se&ntilde;alar los motivos por los cuales propuso la reforma en la Legislatura.<\/p>\n<p>Y agreg&oacute;: &ldquo;Necesitamos una polic&iacute;a con prestigio, que la respeten los ciudadanos de bien y a la que la teman los delincuentes. Y para ello es necesario que la polic&iacute;a sea un cuerpo profesionalizado&rdquo;.<\/p>\n<p>El Gobernador dijo sentirse &ldquo;orgulloso de ser el Jefe de la Polic&iacute;a y ustedes tienen que enorgullecerse de serlo. Reivindicamos al buen polic&iacute;a y lo vamos a apoyar. Por ello envi&eacute; a la Legislatura una Ley que crea el Defensor del Polic&iacute;a&rdquo;.<\/p>\n<p>Aclar&oacute; que es necesario que &ldquo;quien tenga alg&uacute;n problema en el ejercicio de su funci&oacute;n, cuente con un abogado que lo defienda. Queremos que el Ministerio de Seguridad tenga un defensor que lo asista y que lo defienda hasta lograr su sobreseimiento en el caso que sea necesario&rdquo;.<\/p>\n<p>&ldquo;Mendoza necesita una polic&iacute;a con prestigio&rdquo; expres&oacute; el Gobernador mientras finalizaba su discurso. &ldquo;Necesitamos de una polic&iacute;a con autoridad, que se haga respetar en la calle. Una polic&iacute;a que este firme, fuerte, que sea profesional y que vuelva a sentirse un orgulloso de ser parte de la fuerza&rdquo;.<\/p>\n<\/body><\/html>\n","protected":false},"excerpt":{"rendered":"As\u00ed lo dijo el Gobernador tras anunciar la presentaci\u00f3n de la Ley del Defensor de Polic\u00edas y los cambios realizados en la Ley Policial, durante el inicio del ciclo lectivo del Instituto Universitario de Seguridad P\u00fablica (IUSP).","protected":false},"author":3,"featured_media":52794,"comment_status":"open","ping_status":"open","sticky":false,"template":"","format":"standard","meta":[],"categories":[19],"tags":[],"_links":{"self":[{"href":"https:\/\/www.mendoza.gov.ar\/prensa\/wp-json\/wp\/v2\/posts\/52776"}],"collection":[{"href":"https:\/\/www.mendoza.gov.ar\/prensa\/wp-json\/wp\/v2\/posts"}],"about":[{"href":"https:\/\/www.mendoza.gov.ar\/prensa\/wp-json\/wp\/v2\/types\/post"}],"author":[{"embeddable":true,"href":"https:\/\/www.mendoza.gov.ar\/prensa\/wp-json\/wp\/v2\/users\/3"}],"replies":[{"embeddable":true,"href":"https:\/\/www.mendoza.gov.ar\/prensa\/wp-json\/wp\/v2\/comments?post=52776"}],"version-history":[{"count":0,"href":"https:\/\/www.mendoza.gov.ar\/prensa\/wp-json\/wp\/v2\/posts\/52776\/revisions"}],"wp:featuredmedia":[{"embeddable":true,"href":"https:\/\/www.mendoza.gov.ar\/prensa\/wp-json\/wp\/v2\/media\/52794"}],"wp:attachment":[{"href":"https:\/\/www.mendoza.gov.ar\/prensa\/wp-json\/wp\/v2\/media?parent=52776"}],"wp:term":[{"taxonomy":"category","embeddable":true,"href":"https:\/\/www.mendoza.gov.ar\/prensa\/wp-json\/wp\/v2\/categories?post=52776"},{"taxonomy":"post_tag","embeddable":true,"href":"https:\/\/www.mendoza.gov.ar\/prensa\/wp-json\/wp\/v2\/tags?post=52776"}],"curies":[{"name":"wp","href":"https:\/\/api.w.org\/{rel}","templated":true}]}}