{"id":52899,"date":"2016-04-14T16:45:04","date_gmt":"2016-04-14T19:45:04","guid":{"rendered":"http:\/\/prensa.mendoza.gov.ar\/?p=52899"},"modified":"2016-04-14T16:45:04","modified_gmt":"2016-04-14T19:45:04","slug":"legajos-digitales-de-policias-y-nuevo-sistema-de-carga-de-com","status":"publish","type":"post","link":"https:\/\/www.mendoza.gov.ar\/prensa\/legajos-digitales-de-policias-y-nuevo-sistema-de-carga-de-com\/","title":{"rendered":"Modernizaci\u00f3n del Estado: legajos digitales de polic\u00edas y nuevo sistema de carga de combustible para m\u00f3viles"},"content":{"rendered":"<!DOCTYPE html PUBLIC \"-\/\/W3C\/\/DTD HTML 4.0 Transitional\/\/EN\" \"http:\/\/www.w3.org\/TR\/REC-html40\/loose.dtd\">\n<html><body><p>El Gobernador Alfredo Cornejo brind&oacute; una conferencia de prensa en el Ministerio de Seguridad para dar&nbsp;detalles de dos&nbsp;programas que le permitir&aacute;n cumplir con uno de sus mayores objetivos: la modernizaci&oacute;n del Estado. De este modo, anunci&oacute; un convenio que posibilitar&aacute; controlar y agilizar el sistema de carga de combustible de los m&oacute;viles del ministerio y posteriormente dio detalles de una nueva plataforma virtual a trav&eacute;s de la cual ser&aacute;n&nbsp;digitalizados los legajos del cuerpo policial.<\/p>\n<p>El Gobernador explic&oacute; que el nuevo sistema de carga de combustibles le permitir&aacute; al Estado ahorrar&nbsp;3 millones de pesos anuales, adem&aacute;s de agilizar el sistema de carga de combustibles de los m&oacute;viles policiales. &ldquo;Detectamos muchas irregularidades, pero no nos queremos quedar en la denuncia, sino resolver el problema. Hemos abierto cuatro investigaciones sumarias desde la Direcci&oacute;n de Administraci&oacute;n del Ministerio&rdquo;, dijo tras indicar que &ldquo;son 40 veh&iacute;culos que consum&iacute;an 1.500 litros por mes, cantidad&nbsp;imposible de consumir que no pod&iacute;an de ninguna manera justificar&rdquo;.<\/p>\n<p>En este sentido, se&ntilde;al&oacute;: &ldquo;Este sistema vendr&aacute; a mejorar eso y no queremos quedar s&oacute;lo en denunciar y llevarlos a la Justicia y que se los condene, ojal&aacute; eso ocurra, sino que tambi&eacute;n queremos mejorar el sistema para adelante, porque debemos prestar un servicio de seguridad y necesitamos que esos m&oacute;viles est&eacute;n bien, expeditos, funcionando&rdquo;.<\/p>\n<p>Anteriormente, se les pagaba el precio surtidor a 12 proveedores diferentes y hab&iacute;a cuatro&nbsp;sistemas distintos para el control de carga de combustibles. S&oacute;lo exist&iacute;an 10 bocas de expendio en toda la provincia, lo que generaba que los m&oacute;viles recorrieran hasta 240 kil&oacute;metros para realizar la carga.<\/p>\n<p>Cornejo detall&oacute; que el nuevo sistema &ldquo;funcionar&aacute; con&nbsp;tarjetas que relacionar&aacute;n al efectivo policial con el m&oacute;vil. Adem&aacute;s, tendr&aacute;n un n&uacute;mero de pin donde figurar&aacute;n la cantidad de litros&nbsp;consumidos. Esto nos permitir&aacute; controlar el gasto de combustible como tambi&eacute;n identificar a los responsables de las cargas. De esta manera, lograremos una mejor gesti&oacute;n de los recursos&rdquo;.<\/p>\n<p>La puesta en marcha del convenio se complementar&aacute; con el de &ldquo;Legajo digital&rdquo;. &ldquo;Tambi&eacute;n estamos presentando un legajo &uacute;nico: que cada polic&iacute;a est&eacute; identificado su arma, las municiones que tiene, lo que le provee el Estado, los servicios extraordinarios que presta. Estar&aacute; acreditada su capacitaci&oacute;n, su calificaci&oacute;n, cu&aacute;les son sus propiedades, autos o veh&iacute;culos que tenga, estar&aacute; identificado su domicilio particular&rdquo;, expres&oacute; Cornejo.<\/p>\n<p>Aclar&oacute;: &ldquo;Ese legajo permitir&aacute; controlar el recurso humano que tenemos. Contamos con alrededor de 10 mil polic&iacute;as y 2.500 penitenciarios y por cada uno de ellos vamos a tener la informaci&oacute;n precisa. Advert&iacute;amos en su momento muchas irregularidades con los cupos de recargo y ahora advertimos muchas irregularidades con los servicios extraordinarios. La propia c&uacute;pula policial nueva que he puesto en funcionamiento, en la cabeza del comisario general Munives est&aacute; trabajando el respecto&rdquo;.<\/p>\n<p>Adem&aacute;s, el Gobernador indic&oacute; que es necesario un nuevo sistema de servicio extraordinario y castigo para aquellos que no cumplan con los servicios extraordinarios. &ldquo;Es una actividad que debe estar mejor regulada y controlada y que tiene que armonizar con el servicio extraordinario del polic&iacute;a. Queremos un sistema arm&oacute;nico, que el polic&iacute;a pueda prestar ese servicio extraordinario adecuadamente en los tiempos libres que tiene&rdquo;.<\/p>\n<p><iframe width=\"900\" height=\"400\" scrolling=\"no\" frameborder=\"no\" src=\"https:\/\/w.soundcloud.com\/player\/?visual=true&amp;url=https%3A%2F%2Fapi.soundcloud.com%2Ftracks%2F259035766&amp;show_artwork=true&amp;maxwidth=900&amp;maxheight=1000\"><\/iframe><\/p>\n<\/body><\/html>\n","protected":false},"excerpt":{"rendered":"El objetivo este a\u00f1o ser\u00e1 modernizar el Estado con programas que permitan lograr mayor eficiencia en el gasto y eficacia en la administraci\u00f3n de gesti\u00f3n para brindar un mejor servicio estatal. ","protected":false},"author":3,"featured_media":52901,"comment_status":"open","ping_status":"open","sticky":false,"template":"","format":"standard","meta":[],"categories":[19],"tags":[],"_links":{"self":[{"href":"https:\/\/www.mendoza.gov.ar\/prensa\/wp-json\/wp\/v2\/posts\/52899"}],"collection":[{"href":"https:\/\/www.mendoza.gov.ar\/prensa\/wp-json\/wp\/v2\/posts"}],"about":[{"href":"https:\/\/www.mendoza.gov.ar\/prensa\/wp-json\/wp\/v2\/types\/post"}],"author":[{"embeddable":true,"href":"https:\/\/www.mendoza.gov.ar\/prensa\/wp-json\/wp\/v2\/users\/3"}],"replies":[{"embeddable":true,"href":"https:\/\/www.mendoza.gov.ar\/prensa\/wp-json\/wp\/v2\/comments?post=52899"}],"version-history":[{"count":0,"href":"https:\/\/www.mendoza.gov.ar\/prensa\/wp-json\/wp\/v2\/posts\/52899\/revisions"}],"wp:featuredmedia":[{"embeddable":true,"href":"https:\/\/www.mendoza.gov.ar\/prensa\/wp-json\/wp\/v2\/media\/52901"}],"wp:attachment":[{"href":"https:\/\/www.mendoza.gov.ar\/prensa\/wp-json\/wp\/v2\/media?parent=52899"}],"wp:term":[{"taxonomy":"category","embeddable":true,"href":"https:\/\/www.mendoza.gov.ar\/prensa\/wp-json\/wp\/v2\/categories?post=52899"},{"taxonomy":"post_tag","embeddable":true,"href":"https:\/\/www.mendoza.gov.ar\/prensa\/wp-json\/wp\/v2\/tags?post=52899"}],"curies":[{"name":"wp","href":"https:\/\/api.w.org\/{rel}","templated":true}]}}