{"id":53008,"date":"2016-04-15T14:27:25","date_gmt":"2016-04-15T17:27:25","guid":{"rendered":"http:\/\/prensa.mendoza.gov.ar\/?p=53008"},"modified":"2016-04-15T14:27:25","modified_gmt":"2016-04-15T17:27:25","slug":"probabilidades-zonda-en-el-llano-y-tormentas-graniceras-en-el-sur","status":"publish","type":"post","link":"https:\/\/www.mendoza.gov.ar\/prensa\/probabilidades-zonda-en-el-llano-y-tormentas-graniceras-en-el-sur\/","title":{"rendered":"Probabilidad de zonda en el llano y de tormentas graniceras en el Sur"},"content":{"rendered":"<!DOCTYPE html PUBLIC \"-\/\/W3C\/\/DTD HTML 4.0 Transitional\/\/EN\" \"http:\/\/www.w3.org\/TR\/REC-html40\/loose.dtd\">\n<html><body><p>El pron&oacute;stico meteorol&oacute;gico para las pr&oacute;ximas horas indica nubosidad variable y ascenso de la temperatura por presencia de viento zonda en precordillera. En consecuencia, hay probabilidades de que el fen&oacute;meno descienda a sectores del llano, principalmente en la zona Norte de la provincia. En horas de la noche aumentar&aacute; la inestabilidad.<\/p>\n<p>Las lecturas del radar indican adem&aacute;s probabilidades de lluvias moderadas con posible granizo &nbsp;en la zona Sur. &nbsp;Esto se producir&iacute;a en las &uacute;ltimas horas del viernes y primeras horas del s&aacute;bado. En tanto, en la zona de alta monta&ntilde;a se mantendr&aacute; un temporal de viento y nieve.<\/p>\n<p>Para el s&aacute;bado se espera un cambio en el estado del tiempo debido al ingreso de un frente frio. La m&aacute;xima ser&aacute; de 19&deg;C y la m&iacute;nima de 14&deg;C. El cielo se va a presentar mayormente nublado con vientos del sector sur y probabilidades de lloviznas y nevadas en alta monta&ntilde;a.<\/p>\n<p>Durante el domingo continuar&aacute; el frente fr&iacute;o. La m&aacute;xima ser&aacute; de 14 &deg;C y la m&iacute;nima de 9&deg;C. Continuara la probabilidad de lloviznas e inestabilidad en cordillera. El panorama meteorol&oacute;gico comenzar&aacute; a mejorar a partir del martes de la pr&oacute;xima semana.<\/p>\n<p>El servicio de pron&oacute;stico y asesoramiento sobre fen&oacute;menos meteorol&oacute;gicos est&aacute;n a cargo del &aacute;rea de meteorolog&iacute;a de la Direcci&oacute;n de Agricultura y Contingencias Clim&aacute;ticas.<\/p>\n<\/body><\/html>\n","protected":false},"excerpt":{"rendered":"El viento bajar\u00eda en la tarde en el Norte de la provincia. El radar tambi\u00e9n se\u00f1ala la posibilidad de granizo en la zona Sur durante la madrugada.","protected":false},"author":3,"featured_media":53020,"comment_status":"open","ping_status":"open","sticky":false,"template":"","format":"standard","meta":[],"categories":[1],"tags":[],"_links":{"self":[{"href":"https:\/\/www.mendoza.gov.ar\/prensa\/wp-json\/wp\/v2\/posts\/53008"}],"collection":[{"href":"https:\/\/www.mendoza.gov.ar\/prensa\/wp-json\/wp\/v2\/posts"}],"about":[{"href":"https:\/\/www.mendoza.gov.ar\/prensa\/wp-json\/wp\/v2\/types\/post"}],"author":[{"embeddable":true,"href":"https:\/\/www.mendoza.gov.ar\/prensa\/wp-json\/wp\/v2\/users\/3"}],"replies":[{"embeddable":true,"href":"https:\/\/www.mendoza.gov.ar\/prensa\/wp-json\/wp\/v2\/comments?post=53008"}],"version-history":[{"count":0,"href":"https:\/\/www.mendoza.gov.ar\/prensa\/wp-json\/wp\/v2\/posts\/53008\/revisions"}],"wp:featuredmedia":[{"embeddable":true,"href":"https:\/\/www.mendoza.gov.ar\/prensa\/wp-json\/wp\/v2\/media\/53020"}],"wp:attachment":[{"href":"https:\/\/www.mendoza.gov.ar\/prensa\/wp-json\/wp\/v2\/media?parent=53008"}],"wp:term":[{"taxonomy":"category","embeddable":true,"href":"https:\/\/www.mendoza.gov.ar\/prensa\/wp-json\/wp\/v2\/categories?post=53008"},{"taxonomy":"post_tag","embeddable":true,"href":"https:\/\/www.mendoza.gov.ar\/prensa\/wp-json\/wp\/v2\/tags?post=53008"}],"curies":[{"name":"wp","href":"https:\/\/api.w.org\/{rel}","templated":true}]}}