{"id":53208,"date":"2016-04-18T13:22:16","date_gmt":"2016-04-18T16:22:16","guid":{"rendered":"http:\/\/prensa.mendoza.gov.ar\/?p=53208"},"modified":"2016-04-18T13:22:16","modified_gmt":"2016-04-18T16:22:16","slug":"cornejo-gobierno-popular-es-el-que-administra-bien-los-recursos-comunes","status":"publish","type":"post","link":"https:\/\/www.mendoza.gov.ar\/prensa\/cornejo-gobierno-popular-es-el-que-administra-bien-los-recursos-comunes\/","title":{"rendered":"Cornejo: &quot;Gobierno popular es el que administra bien los recursos comunes&quot;"},"content":{"rendered":"<!DOCTYPE html PUBLIC \"-\/\/W3C\/\/DTD HTML 4.0 Transitional\/\/EN\" \"http:\/\/www.w3.org\/TR\/REC-html40\/loose.dtd\">\n<html><body><p>El departamento de Santa Rosa celebr&oacute; esta ma&ntilde;ana su 132&ordm; aniversario con un acto en la plaza departamental 25 de Mayo, con la presencia del Gobernador Alfredo Cornejo.<\/p>\n<p>Fue organizado por la Comuna, con apoyo del Gobierno provincial,&nbsp;y estuvo encabezado por la intendenta interina, Norma Trigo. Participaron, adem&aacute;s, el secretario de Cultura de la provincia, Diego Gareca; Mario Abed, intendente de Jun&iacute;n; Walter Fredes, secretario de Gobierno de la Comuna; Miguel Ronco, intendente de Rivadavia; la reina departamental de la Vendimia 2016, Florencia Jos&eacute;, e instituciones de otros municipios&nbsp;y de escuelas del Este.<\/p>\n<p>A las 10 de la ma&ntilde;ana, el Gobernador ingres&oacute; al edificio municipal&nbsp;para saludar a las autoridades, quienes luego lo acompa&ntilde;aron hasta la plaza, lugar donde se desarroll&oacute; el acto. Los festejos comenzaron con la bendici&oacute;n del cura p&aacute;rroco Ra&uacute;l G&oacute;mez y de Gerardo Echenique, presidente del Consejo de Pastores.<\/p>\n<p>Norma Trigo, quien por estos d&iacute;as est&aacute; a cargo del Municipio, expres&oacute;:&nbsp;&ldquo;En 1884, cuando Rufino decidi&oacute; fundar el departamento, pens&oacute; en algo pujante. No es la situaci&oacute;n de hoy, pero estamos dispuestos a hacer todo para salir adelante y volver a ser un gran departamento y por esto necesitamos de todos, especialmente de los santarrosinos, para que la Comuna vuelva a ser un orgullo&rdquo;.<\/p>\n<p>Por su parte, Alfredo Cornejo expres&oacute;: &ldquo;Quiero darles el saludo a todos los vecinos&nbsp; en nombre del Gobierno de la provincia de Mendoza por su aniversario, pero tambi&eacute;n quiero transmitirles frente a todas las autoridades el agradecimiento a todos aquellos que colaboraron en ordenar y sacar adelante el departamento&rdquo;.<\/p>\n<p>&ldquo;Norma Trigo cuenta con todo mi apoyo para ejercer el poder en Santa Rosa en su remplazo interino, como lo manda la Constituci&oacute;n provincial y la Ley Org&aacute;nica de Municipalidades. Su tarea es la normalizaci&oacute;n institucional, econ&oacute;mica, social y administrativa de la Comuna. Todos tenemos la responsabilidad de salir de esta situaci&oacute;n, producto de mala administraci&oacute;n y de causas judiciales pendientes. Esperamos sanciones al respecto, pero los santarrosinos merecen seguir viviendo bien y mirar para adelante&rdquo;, agreg&oacute; Cornejo, y sintetiz&oacute;: &ldquo;Gobierno popular es el que administra bien los recursos comunes&rdquo;.<\/p>\n<p><strong>Sacar Santa Rosa adelante<\/strong><\/p>\n<p>En referencia a la crisis del Municipio, el Gobernador afirm&oacute;: &ldquo;Debemos ser responsables en la administraci&oacute;n de los fondos que son de todos, nosotros creemos que se puede sacar a Santa Rosa adelante, pero esto requiere presupuestos b&aacute;sicos, y por ello debemos auditar las cuentas y para eso tenemos personas id&oacute;neas. Tenemos n&uacute;meros muy elevados,&nbsp;$60 millones &nbsp;de deuda, cuando el presupuesto total es de $180 millones, eso es lo que hemos certificado hasta ahora, pero van a surgir deudas nuevas porque hay cheques sin fondo circulando por todos lados&rdquo;.<\/p>\n<p>&ldquo;Vamos a salir en consenso de esta situaci&oacute;n pero sin violencia, eso no lleva a ning&uacute;n lado. Vamos a trabajar sobre informaci&oacute;n concreta y con armon&iacute;a. Vamos a ver qu&eacute; hay para pagar, cu&aacute;ndo se debe pagar y c&oacute;mo lo vamos a hacer, analizaremos c&oacute;mo gastar bien y no gastar de m&aacute;s&rdquo;, sentenci&oacute; Cornejo.<\/p>\n<p>En alusi&oacute;n a las elecciones en Santa Rosa, el Gobernador coment&oacute;: &ldquo;Necesitamos un cronograma electoral para que los santarrosinos elijan un nuevo intendente y termine el mandato hasta 2019 y vamos hacerlo de com&uacute;n acuerdo, con armon&iacute;a pol&iacute;tica&rdquo;.<\/p>\n<p><a href=\"https:\/\/www.mendoza.gov.ar\/prensa\/wp-content\/uploads\/sites\/23\/DSC_7079.jpg\"><img loading=\"lazy\" class=\"alignnone wp-image-53228 img-responsive center-block\" src=\"https:\/\/www.mendoza.gov.ar\/prensa\/wp-content\/uploads\/sites\/23\/DSC_7079.jpg\" alt=\"\" width=\"650\" height=\"431\"><\/a><\/p>\n<p><strong>El cierre<\/strong><\/p>\n<p>Al finalizar el discurso del Gobernador, Norma Trigo le entreg&oacute; obsequios y adem&aacute;s se escucharon palabras de una empleada municipal, llamada Isabelina Fiochetta (jubilada): &ldquo;Quiero expresar la emoci&oacute;n de haber sido parte integrante y funci&oacute;n de este gran departamento. Este trabajo fue un pie fundamental en mi vida&rdquo;.<\/p>\n<p>El cierre del acto estuvo a cargo de diversos n&uacute;meros art&iacute;sticos como la orquesta infanto-juvenil, el ballet municipal y el grupo de m&uacute;sica Los Navarros.<\/p>\n<p>&nbsp;<\/p>\n<\/body><\/html>\n","protected":false},"excerpt":{"rendered":"El Gobernador particip\u00f3 esta ma\u00f1ana del acto del 132\u00ba aniversario de Santa Rosa. Agradeci\u00f3 la predisposici\u00f3n de los vecinos para sacar adelante la Comuna y explic\u00f3 que se est\u00e1 realizando una auditoria en las cuentas municipales. ","protected":false},"author":3,"featured_media":53227,"comment_status":"open","ping_status":"open","sticky":false,"template":"","format":"standard","meta":[],"categories":[19],"tags":[],"_links":{"self":[{"href":"https:\/\/www.mendoza.gov.ar\/prensa\/wp-json\/wp\/v2\/posts\/53208"}],"collection":[{"href":"https:\/\/www.mendoza.gov.ar\/prensa\/wp-json\/wp\/v2\/posts"}],"about":[{"href":"https:\/\/www.mendoza.gov.ar\/prensa\/wp-json\/wp\/v2\/types\/post"}],"author":[{"embeddable":true,"href":"https:\/\/www.mendoza.gov.ar\/prensa\/wp-json\/wp\/v2\/users\/3"}],"replies":[{"embeddable":true,"href":"https:\/\/www.mendoza.gov.ar\/prensa\/wp-json\/wp\/v2\/comments?post=53208"}],"version-history":[{"count":0,"href":"https:\/\/www.mendoza.gov.ar\/prensa\/wp-json\/wp\/v2\/posts\/53208\/revisions"}],"wp:featuredmedia":[{"embeddable":true,"href":"https:\/\/www.mendoza.gov.ar\/prensa\/wp-json\/wp\/v2\/media\/53227"}],"wp:attachment":[{"href":"https:\/\/www.mendoza.gov.ar\/prensa\/wp-json\/wp\/v2\/media?parent=53208"}],"wp:term":[{"taxonomy":"category","embeddable":true,"href":"https:\/\/www.mendoza.gov.ar\/prensa\/wp-json\/wp\/v2\/categories?post=53208"},{"taxonomy":"post_tag","embeddable":true,"href":"https:\/\/www.mendoza.gov.ar\/prensa\/wp-json\/wp\/v2\/tags?post=53208"}],"curies":[{"name":"wp","href":"https:\/\/api.w.org\/{rel}","templated":true}]}}