{"id":53440,"date":"2016-04-20T12:49:20","date_gmt":"2016-04-20T15:49:20","guid":{"rendered":"http:\/\/prensa.mendoza.gov.ar\/?p=53440"},"modified":"2016-04-20T12:49:20","modified_gmt":"2016-04-20T15:49:20","slug":"aciar-participo-de-la-primera-reunion-bicameral-de-seguimiento-vitivinicola-mendoza-san-juan","status":"publish","type":"post","link":"https:\/\/www.mendoza.gov.ar\/prensa\/aciar-participo-de-la-primera-reunion-bicameral-de-seguimiento-vitivinicola-mendoza-san-juan\/","title":{"rendered":"Aciar particip\u00f3 de la primera reuni\u00f3n bicameral de seguimiento vitivin\u00edcola Mendoza-San Juan\u00a0"},"content":{"rendered":"<!DOCTYPE html PUBLIC \"-\/\/W3C\/\/DTD HTML 4.0 Transitional\/\/EN\" \"http:\/\/www.w3.org\/TR\/REC-html40\/loose.dtd\">\n<html><body><div>\n<div>Por primera vez, ayer a&nbsp;la tarde se reuni&oacute; la nueva Comisi&oacute;n Bicameral de Seguimiento del Convenio Vitivin&iacute;cola Mendoza-San Juan.<\/div>\n<div><\/div>\n<div>El subsecretario de Agricultura y Ganader&iacute;a, Alfredo Aciar, se present&oacute; ante los legisladores para dar detalles del acuerdo que rige entre ambas provincias.<\/div>\n<\/div>\n<div><span lang=\"ES-AR\">&nbsp;<\/span><\/div>\n<div><span lang=\"ES-AR\">El objetivo de los dos poderes es avanzar en un aggiornamiento de la Ley 6.226 que marca, entre otros puntos, la pauta diversificadora y que este a&ntilde;o fue el nudo que trab&oacute; el acuerdo entre Mendoza y San Juan, motivo por el cual no se firm&oacute; el acta.<\/span><\/div>\n<div><span lang=\"ES-AR\">&nbsp;<\/span><\/div>\n<div><span lang=\"ES-AR\">Desde el Gobierno provincial se entiende que la exportaci&oacute;n es una forma de diversificar, ya que se produce una intervenci&oacute;n en la oferta del producto en el mercado.<\/span><\/div>\n<div><span lang=\"ES-AR\">&nbsp;<\/span><\/div>\n<div><span lang=\"ES-AR\">Debido a que esta postura es contraria a la de la vecina provincia, se aplic&oacute; el 20% reglamentario que indica la ley respecto del cupo que se debe destinar a mosto.<\/span><\/div>\n<div><span lang=\"ES-AR\">&nbsp;<\/span><\/div>\n<div><span lang=\"ES-AR\">Durante la reuni&oacute;n, Aciar hizo hincapi&eacute; en que &ldquo;desde el a&ntilde;o 95 aproximadamente, Mendoza inici&oacute; un proceso de reconversi&oacute;n vitivin&iacute;cola, a diferencia de San Juan, lo que hace que hoy el acuerdo ya no le quede a medida&rdquo;.<\/span><\/div>\n<div><\/div>\n<div dir=\"ltr\"><span lang=\"ES-AR\">Por su parte, los legisladores plantearon, como principal pedido al Poder Ejecutivo, participar&nbsp; en la discusi&oacute;n de las medidas que afectan a la vitivinicultura y, en ese sentido, que se cumpla con el env&iacute;o de las resoluciones del Fondo Vitivin&iacute;cola para ratificaci&oacute;n legislativa.&nbsp;<\/span><\/div>\n<\/body><\/html>\n","protected":false},"excerpt":{"rendered":"La nueva comisi\u00f3n legislativa pidi\u00f3 tener participaci\u00f3n en las discusiones que ata\u00f1en a la vitivinicultura.","protected":false},"author":3,"featured_media":53441,"comment_status":"open","ping_status":"open","sticky":false,"template":"","format":"standard","meta":[],"categories":[1],"tags":[],"_links":{"self":[{"href":"https:\/\/www.mendoza.gov.ar\/prensa\/wp-json\/wp\/v2\/posts\/53440"}],"collection":[{"href":"https:\/\/www.mendoza.gov.ar\/prensa\/wp-json\/wp\/v2\/posts"}],"about":[{"href":"https:\/\/www.mendoza.gov.ar\/prensa\/wp-json\/wp\/v2\/types\/post"}],"author":[{"embeddable":true,"href":"https:\/\/www.mendoza.gov.ar\/prensa\/wp-json\/wp\/v2\/users\/3"}],"replies":[{"embeddable":true,"href":"https:\/\/www.mendoza.gov.ar\/prensa\/wp-json\/wp\/v2\/comments?post=53440"}],"version-history":[{"count":0,"href":"https:\/\/www.mendoza.gov.ar\/prensa\/wp-json\/wp\/v2\/posts\/53440\/revisions"}],"wp:featuredmedia":[{"embeddable":true,"href":"https:\/\/www.mendoza.gov.ar\/prensa\/wp-json\/wp\/v2\/media\/53441"}],"wp:attachment":[{"href":"https:\/\/www.mendoza.gov.ar\/prensa\/wp-json\/wp\/v2\/media?parent=53440"}],"wp:term":[{"taxonomy":"category","embeddable":true,"href":"https:\/\/www.mendoza.gov.ar\/prensa\/wp-json\/wp\/v2\/categories?post=53440"},{"taxonomy":"post_tag","embeddable":true,"href":"https:\/\/www.mendoza.gov.ar\/prensa\/wp-json\/wp\/v2\/tags?post=53440"}],"curies":[{"name":"wp","href":"https:\/\/api.w.org\/{rel}","templated":true}]}}