{"id":53646,"date":"2016-04-22T14:41:18","date_gmt":"2016-04-22T17:41:18","guid":{"rendered":"http:\/\/prensa.mendoza.gov.ar\/?p=53646"},"modified":"2016-04-22T14:41:18","modified_gmt":"2016-04-22T17:41:18","slug":"cornejo-es-obligacion-de-ciudadanos-y-gobernantes-cuidar-la-tierra","status":"publish","type":"post","link":"https:\/\/www.mendoza.gov.ar\/prensa\/cornejo-es-obligacion-de-ciudadanos-y-gobernantes-cuidar-la-tierra\/","title":{"rendered":"Cornejo: \u201cEs obligaci\u00f3n de ciudadanos y gobernantes cuidar la tierra\u201d"},"content":{"rendered":"<!DOCTYPE html PUBLIC \"-\/\/W3C\/\/DTD HTML 4.0 Transitional\/\/EN\" \"http:\/\/www.w3.org\/TR\/REC-html40\/loose.dtd\">\n<html><body><p>El Gobernador Alfredo Cornejo lleg&oacute; hasta el Parque Aborigen para celebrar un nuevo aniversario del D&iacute;a Internacional de la Tierra. Humberto Mingorance, secretario de Ambiente y Ordenamiento Territorial, fue el encargado de abrir el acto contando c&oacute;mo surgi&oacute; la iniciativa que se replica desde los a&ntilde;os 70 en el mundo gracias a un legislador estadounidense&nbsp;que logr&oacute; vislumbrar la problem&aacute;tica ambiental que amenaza al planeta.<\/p>\n<p>&ldquo;Queremos desde el Estado transmitir a la ciudadan&iacute;a la necesidad de tomar conciencia. Como Gobierno estamos obligados a transmitir correctamente esos conceptos. Cuidar la tierra es una obligaci&oacute;n que tenemos los seres humanos sin importar el lugar desde donde lo hagamos&rdquo;, se&ntilde;al&oacute; Cornejo.<\/p>\n<p>El Gobernador hizo hincapi&eacute; en la necesidad de entender que &ldquo;no tenemos derecho a deteriorar el medio ambiente, porque nosotros estamos de paso aqu&iacute; s&oacute;lo por cuatro&nbsp;a&ntilde;os. Cuidar la tierra es cuidar la tierra de nuestros hijos, de nuestros nietos y de sucesivas generaciones. Esa es la conciencia que debemos construir y es la que tambi&eacute;n debemos difundir&rdquo;.<\/p>\n<p>Destac&oacute; la importancia de que cada individuo cuide el medio ambiente. &ldquo;El individuo debe cuidar la tierra y tiene que cuidarse a s&iacute; mismo, cuidarse con la alimentaci&oacute;n, ser sustentable en su vida cotidiana, en la administraci&oacute;n de la propia basura que uno produce, en la administraci&oacute;n del agua para el consumo humano&rdquo;.<\/p>\n<p>Para finalizar, resalt&oacute; la ardua tarea que tendr&aacute;n las generaciones futuras en lograr la protecci&oacute;n ambiental necesaria para el planeta. &ldquo;El cuidado de nuestro medio ambiente depende m&aacute;s de la conducta de cada individuo que de las tareas de control que podemos realizar desde el Estado&rdquo;.<\/p>\n<p>En el acto participaron representantes de pueblos originarios y de escuelas.<\/p>\n<\/body><\/html>\n","protected":false},"excerpt":{"rendered":"Con un mensaje concientizador, el Gobernador celebr\u00f3 el D\u00eda Internacional de la Tierra en el Parque Aborigen. Lo acompa\u00f1aron representantes del Ejecutivo, pueblos originarios y escuelas de Mendoza.","protected":false},"author":3,"featured_media":53648,"comment_status":"open","ping_status":"open","sticky":false,"template":"","format":"standard","meta":[],"categories":[3,19],"tags":[],"_links":{"self":[{"href":"https:\/\/www.mendoza.gov.ar\/prensa\/wp-json\/wp\/v2\/posts\/53646"}],"collection":[{"href":"https:\/\/www.mendoza.gov.ar\/prensa\/wp-json\/wp\/v2\/posts"}],"about":[{"href":"https:\/\/www.mendoza.gov.ar\/prensa\/wp-json\/wp\/v2\/types\/post"}],"author":[{"embeddable":true,"href":"https:\/\/www.mendoza.gov.ar\/prensa\/wp-json\/wp\/v2\/users\/3"}],"replies":[{"embeddable":true,"href":"https:\/\/www.mendoza.gov.ar\/prensa\/wp-json\/wp\/v2\/comments?post=53646"}],"version-history":[{"count":0,"href":"https:\/\/www.mendoza.gov.ar\/prensa\/wp-json\/wp\/v2\/posts\/53646\/revisions"}],"wp:featuredmedia":[{"embeddable":true,"href":"https:\/\/www.mendoza.gov.ar\/prensa\/wp-json\/wp\/v2\/media\/53648"}],"wp:attachment":[{"href":"https:\/\/www.mendoza.gov.ar\/prensa\/wp-json\/wp\/v2\/media?parent=53646"}],"wp:term":[{"taxonomy":"category","embeddable":true,"href":"https:\/\/www.mendoza.gov.ar\/prensa\/wp-json\/wp\/v2\/categories?post=53646"},{"taxonomy":"post_tag","embeddable":true,"href":"https:\/\/www.mendoza.gov.ar\/prensa\/wp-json\/wp\/v2\/tags?post=53646"}],"curies":[{"name":"wp","href":"https:\/\/api.w.org\/{rel}","templated":true}]}}