{"id":53775,"date":"2016-04-24T20:15:43","date_gmt":"2016-04-24T23:15:43","guid":{"rendered":"http:\/\/prensa.mendoza.gov.ar\/?p=53775"},"modified":"2016-04-24T20:15:43","modified_gmt":"2016-04-24T23:15:43","slug":"aviones-antigranizo-patrullaron-en-el-sur-provincial","status":"publish","type":"post","link":"https:\/\/www.mendoza.gov.ar\/prensa\/aviones-antigranizo-patrullaron-en-el-sur-provincial\/","title":{"rendered":"Aviones antigranizo patrullaron el Sur provincial"},"content":{"rendered":"<!DOCTYPE html PUBLIC \"-\/\/W3C\/\/DTD HTML 4.0 Transitional\/\/EN\" \"http:\/\/www.w3.org\/TR\/REC-html40\/loose.dtd\">\n<html><body><div>Con el objetivo de desactivar o reducir n&uacute;cleos de tormenta que pueden afectar zonas cultivadas, aviones del sistema de mitigaci&oacute;n de granizo se desplazaron hacia el Sur de la&nbsp;provincia, alertados por posibles tormentas graniceras.<\/div>\n<div><\/div>\n<div>De acuerdo con lo informado por los t&eacute;cnicos de la Direcci&oacute;n de Contingencias Clim&aacute;ticas, pasadas las 14 del s&aacute;bado se detectaron &ldquo;c&eacute;lulas de lluvia moderada fuera de zona cultivada al sur de San Rafael y sur de General&nbsp;Alvear, con desplazamiento sudeste&rdquo;.<\/div>\n<div><\/div>\n<div>Sin bien la lluvia continu&oacute; precipitando, pasadas las 0 de este domingo &ldquo;se desarrollan nuevas formaciones al este de Carmensa y Monte Com&aacute;n, con desplazamiento sureste, y se propagaron hacia la zona cultivada, con lluvia d&eacute;bil a moderada&rdquo;.<\/div>\n<div><\/div>\n<div dir=\"ltr\">Como medida preventiva, una aeronave despega y se desplaza hacia las celdas de tormenta que cerca de las 16 ca&iacute;a sobre zona cultivada. Debido a esto, se realizaron dos vuelos de patrulla sobre San Rafael, que no tuvieron que utilizar material pirot&eacute;cnico.<\/div>\n<\/body><\/html>\n","protected":false},"excerpt":{"rendered":"Desde esta madrugada y hasta la ma\u00f1ana, las aeronaves del sistema de mitigaci\u00f3n de granizo realizaron una observaci\u00f3n activa sobre n\u00facleos de tormenta en San Rafael y General Alvear.","protected":false},"author":3,"featured_media":44255,"comment_status":"open","ping_status":"open","sticky":false,"template":"","format":"standard","meta":[],"categories":[1],"tags":[],"_links":{"self":[{"href":"https:\/\/www.mendoza.gov.ar\/prensa\/wp-json\/wp\/v2\/posts\/53775"}],"collection":[{"href":"https:\/\/www.mendoza.gov.ar\/prensa\/wp-json\/wp\/v2\/posts"}],"about":[{"href":"https:\/\/www.mendoza.gov.ar\/prensa\/wp-json\/wp\/v2\/types\/post"}],"author":[{"embeddable":true,"href":"https:\/\/www.mendoza.gov.ar\/prensa\/wp-json\/wp\/v2\/users\/3"}],"replies":[{"embeddable":true,"href":"https:\/\/www.mendoza.gov.ar\/prensa\/wp-json\/wp\/v2\/comments?post=53775"}],"version-history":[{"count":0,"href":"https:\/\/www.mendoza.gov.ar\/prensa\/wp-json\/wp\/v2\/posts\/53775\/revisions"}],"wp:featuredmedia":[{"embeddable":true,"href":"https:\/\/www.mendoza.gov.ar\/prensa\/wp-json\/wp\/v2\/media\/44255"}],"wp:attachment":[{"href":"https:\/\/www.mendoza.gov.ar\/prensa\/wp-json\/wp\/v2\/media?parent=53775"}],"wp:term":[{"taxonomy":"category","embeddable":true,"href":"https:\/\/www.mendoza.gov.ar\/prensa\/wp-json\/wp\/v2\/categories?post=53775"},{"taxonomy":"post_tag","embeddable":true,"href":"https:\/\/www.mendoza.gov.ar\/prensa\/wp-json\/wp\/v2\/tags?post=53775"}],"curies":[{"name":"wp","href":"https:\/\/api.w.org\/{rel}","templated":true}]}}