{"id":53810,"date":"2016-04-25T14:32:54","date_gmt":"2016-04-25T17:32:54","guid":{"rendered":"http:\/\/prensa.mendoza.gov.ar\/?p=53810"},"modified":"2016-04-25T14:32:54","modified_gmt":"2016-04-25T17:32:54","slug":"el-gobierno-busca-hacer-un-uso-eficiente-de-la-energia","status":"publish","type":"post","link":"https:\/\/www.mendoza.gov.ar\/prensa\/el-gobierno-busca-hacer-un-uso-eficiente-de-la-energia\/","title":{"rendered":"El Gobierno busca hacer un uso eficiente de la energ\u00eda"},"content":{"rendered":"<!DOCTYPE html PUBLIC \"-\/\/W3C\/\/DTD HTML 4.0 Transitional\/\/EN\" \"http:\/\/www.w3.org\/TR\/REC-html40\/loose.dtd\">\n<html><body><p>La Facultad de Ciencias Econ&oacute;micas de Universidad Nacional de Cuyo&nbsp;brindar&aacute; un&nbsp;servicio de consultor&iacute;a para implementar un Programa de Racionalizaci&oacute;n del Consumo de Energ&iacute;a en el Gobierno de la Provincia.<\/p>\n<p>As&iacute; lo inform&oacute;, en el Sal&oacute;n Patricias Mendocinas, el Gobernador Alfredo Cornejo, quien junto al ministro de Hacienda y Finanzas, Mart&iacute;n Kerchner, rubricaron el acuerdo con el rector de la Universidad Nacional de Cuyo, Daniel Pizzi, y la decana de la Facultad de Ciencias Econ&oacute;micas, Esther S&aacute;nchez.<\/p>\n<p>Para&nbsp;disminuir el costo de energ&iacute;a el&eacute;ctrica y gas natural que actualmente abona el Gobierno, la facultad desarrollar&aacute; un plan de ahorro energ&eacute;tico con adecuaci&oacute;n a los procesos de contrataci&oacute;n, verificaci&oacute;n y control de las facturas por consumo de energ&iacute;a, y&nbsp;tambi&eacute;n se capacitar&aacute;&nbsp;al personal del Gobierno.<\/p>\n<p>El Gobernador explic&oacute; al respecto: &ldquo;Este programa para la racionalizaci&oacute;n del consumo de energ&iacute;a en el Estado provincial se enmarca en el proyecto de modernizaci&oacute;n del Estado, de agilidad en nuestros procedimientos pero tambi&eacute;n de austeridad y ahorro, intentado bajar nuestros gastos corrientes para poder aplicar m&aacute;s dinero a la inversi&oacute;n&rdquo;.<\/p>\n<p>&ldquo;Hemos observado&nbsp;que hay muchos gastos que parecen peque&ntilde;os en el conjunto total pero que son simb&oacute;licamente importantes y en otros sustantivamente importantes, relacionados con el consumo el&eacute;ctrico. Tenemos un gasto de electricidad muy alto, producto de nuestras ineficiencias al interior del Estado&rdquo;.<\/p>\n<p>&ldquo;Planteamos un asesoramiento por parte de la UNCuyo a trav&eacute;s de la Facultad de Ciencias Econ&oacute;micas, para bajar ese consumo en cada una de las reparticiones p&uacute;blicas. La universidad nos va a hacer un plan estrat&eacute;gico para bajar ese consumo y propuestas puntuales o metas espec&iacute;ficas. En algunos casos vamos a acentuar esos ahorros en menos de 2 o 3&nbsp;meses, y en ese plan, sin dudas, los resultados m&aacute;s impactantes se van a dar en los dos primeros a&ntilde;os, que nos va a permitir mantener un sistema para siempre de consumo eficiente de la energ&iacute;a. M&aacute;s ahora, que ha habido un aumento de la tarifa, por lo que tenemos urgencia&rdquo;, explic&oacute; Cornejo.<\/p>\n<p>A su turno, Pizzi expres&oacute;: &ldquo;Como contrapartida del servicio de consultor&iacute;a, el Gobierno abonar&aacute; a la facultad el 10% del ahorro total que se consiga con la implementaci&oacute;n del programa&rdquo;. Al finalizar el Programa para la Racionalizaci&oacute;n del Consumo de Energ&iacute;a en el Estado Provincial se estima que habr&aacute; una disminuci&oacute;n de costos energ&eacute;ticos de entre 10% y 20%.<\/p>\n<p>&nbsp;<\/p>\n<p>&nbsp;<\/p>\n<\/body><\/html>\n","protected":false},"excerpt":{"rendered":"Contratar\u00e1 servicios de consultor\u00eda de la Facultad de Ciencias Econ\u00f3micas de la UNCuyo. El objetivo es disminuir el costo de energ\u00eda el\u00e9ctrica y gas natural que actualmente abona el Estado.","protected":false},"author":3,"featured_media":53838,"comment_status":"open","ping_status":"open","sticky":false,"template":"","format":"standard","meta":[],"categories":[19,21],"tags":[],"_links":{"self":[{"href":"https:\/\/www.mendoza.gov.ar\/prensa\/wp-json\/wp\/v2\/posts\/53810"}],"collection":[{"href":"https:\/\/www.mendoza.gov.ar\/prensa\/wp-json\/wp\/v2\/posts"}],"about":[{"href":"https:\/\/www.mendoza.gov.ar\/prensa\/wp-json\/wp\/v2\/types\/post"}],"author":[{"embeddable":true,"href":"https:\/\/www.mendoza.gov.ar\/prensa\/wp-json\/wp\/v2\/users\/3"}],"replies":[{"embeddable":true,"href":"https:\/\/www.mendoza.gov.ar\/prensa\/wp-json\/wp\/v2\/comments?post=53810"}],"version-history":[{"count":0,"href":"https:\/\/www.mendoza.gov.ar\/prensa\/wp-json\/wp\/v2\/posts\/53810\/revisions"}],"wp:featuredmedia":[{"embeddable":true,"href":"https:\/\/www.mendoza.gov.ar\/prensa\/wp-json\/wp\/v2\/media\/53838"}],"wp:attachment":[{"href":"https:\/\/www.mendoza.gov.ar\/prensa\/wp-json\/wp\/v2\/media?parent=53810"}],"wp:term":[{"taxonomy":"category","embeddable":true,"href":"https:\/\/www.mendoza.gov.ar\/prensa\/wp-json\/wp\/v2\/categories?post=53810"},{"taxonomy":"post_tag","embeddable":true,"href":"https:\/\/www.mendoza.gov.ar\/prensa\/wp-json\/wp\/v2\/tags?post=53810"}],"curies":[{"name":"wp","href":"https:\/\/api.w.org\/{rel}","templated":true}]}}