{"id":53895,"date":"2016-04-26T09:20:57","date_gmt":"2016-04-26T12:20:57","guid":{"rendered":"http:\/\/prensa.mendoza.gov.ar\/?p=53895"},"modified":"2016-04-26T09:20:57","modified_gmt":"2016-04-26T12:20:57","slug":"mingorance-visito-la-escuela-campesina-de-agroecologia-en-lavalle","status":"publish","type":"post","link":"https:\/\/www.mendoza.gov.ar\/prensa\/mingorance-visito-la-escuela-campesina-de-agroecologia-en-lavalle\/","title":{"rendered":"Mingorance visit\u00f3 la Escuela Campesina de Agroecolog\u00eda en Lavalle"},"content":{"rendered":"<!DOCTYPE html PUBLIC \"-\/\/W3C\/\/DTD HTML 4.0 Transitional\/\/EN\" \"http:\/\/www.w3.org\/TR\/REC-html40\/loose.dtd\">\n<html><body><p>El CENS N&deg; 3-502 &ldquo;Escuela Campesina de Agroecolog&iacute;a&rdquo; de Jocol&iacute;, Lavalle, es una instituci&oacute;n educativa que se dedica a formar j&oacute;venes y adolescentes con el principal objetivo de orientarlos al trabajo de campo y la agroecolog&iacute;a.<\/p>\n<p><a href=\"https:\/\/www.mendoza.gov.ar\/prensa\/wp-content\/uploads\/sites\/23\/20160421_152619.jpg\"><img loading=\"lazy\" class=\"alignnone wp-image-53896 img-responsive center-block\" src=\"https:\/\/www.mendoza.gov.ar\/prensa\/wp-content\/uploads\/sites\/23\/20160421_152619.jpg\" alt=\"\" width=\"650\" height=\"366\"><\/a><\/p>\n<p>El secretario de Ambiente de la provincia, Humberto Mingorance, recorri&oacute; el lugar junto a las autoridades del establecimiento y tambi&eacute;n del Departamento General de Irrigaci&oacute;n. Uno de los temas fundamentales fue apoyar y acompa&ntilde;ar a la instituci&oacute;n que promueve el cuidado y el trabajo del medio ambiente y la agroecolog&iacute;a de manera sustentable en los j&oacute;venes.<\/p>\n<p><a href=\"https:\/\/www.mendoza.gov.ar\/prensa\/wp-content\/uploads\/sites\/23\/20160421_153710.jpg\"><img loading=\"lazy\" class=\"alignnone wp-image-53897 img-responsive center-block\" src=\"https:\/\/www.mendoza.gov.ar\/prensa\/wp-content\/uploads\/sites\/23\/20160421_153710.jpg\" alt=\"\" width=\"650\" height=\"366\"><\/a><\/p>\n<p>Mingorance remarc&oacute;: &ldquo;Es importante para la provincia que los j&oacute;venes se interioricen y participen del trabajo en el campo en el marco del estudio y la educaci&oacute;n como lo hace esta instituci&oacute;n, ya que la agroecolog&iacute;a es una actividad fundamental para la gente que vive en zonas rurales y se dedican a trabajar la tierra de una manera sustentable&rdquo;.<\/p>\n<\/body><\/html>\n","protected":false},"excerpt":{"rendered":"Fue para conocer el proyecto de gesti\u00f3n social y agroecol\u00f3gico de la instituci\u00f3n educativa y en ese marco elaborar un plan de trabajo conjunto entre el colegio, la Secretar\u00eda de Ambiente y el Departamento General de Irrigaci\u00f3n.","protected":false},"author":3,"featured_media":53898,"comment_status":"open","ping_status":"open","sticky":false,"template":"","format":"standard","meta":[],"categories":[3],"tags":[],"_links":{"self":[{"href":"https:\/\/www.mendoza.gov.ar\/prensa\/wp-json\/wp\/v2\/posts\/53895"}],"collection":[{"href":"https:\/\/www.mendoza.gov.ar\/prensa\/wp-json\/wp\/v2\/posts"}],"about":[{"href":"https:\/\/www.mendoza.gov.ar\/prensa\/wp-json\/wp\/v2\/types\/post"}],"author":[{"embeddable":true,"href":"https:\/\/www.mendoza.gov.ar\/prensa\/wp-json\/wp\/v2\/users\/3"}],"replies":[{"embeddable":true,"href":"https:\/\/www.mendoza.gov.ar\/prensa\/wp-json\/wp\/v2\/comments?post=53895"}],"version-history":[{"count":0,"href":"https:\/\/www.mendoza.gov.ar\/prensa\/wp-json\/wp\/v2\/posts\/53895\/revisions"}],"wp:featuredmedia":[{"embeddable":true,"href":"https:\/\/www.mendoza.gov.ar\/prensa\/wp-json\/wp\/v2\/media\/53898"}],"wp:attachment":[{"href":"https:\/\/www.mendoza.gov.ar\/prensa\/wp-json\/wp\/v2\/media?parent=53895"}],"wp:term":[{"taxonomy":"category","embeddable":true,"href":"https:\/\/www.mendoza.gov.ar\/prensa\/wp-json\/wp\/v2\/categories?post=53895"},{"taxonomy":"post_tag","embeddable":true,"href":"https:\/\/www.mendoza.gov.ar\/prensa\/wp-json\/wp\/v2\/tags?post=53895"}],"curies":[{"name":"wp","href":"https:\/\/api.w.org\/{rel}","templated":true}]}}