{"id":54043,"date":"2016-04-27T09:32:59","date_gmt":"2016-04-27T12:32:59","guid":{"rendered":"http:\/\/prensa.mendoza.gov.ar\/?p=54043"},"modified":"2016-04-27T09:32:59","modified_gmt":"2016-04-27T12:32:59","slug":"el-idc-invita-a-conferencia-sobre-buen-manejo-del-recurso-humano-en-las-pymes","status":"publish","type":"post","link":"https:\/\/www.mendoza.gov.ar\/prensa\/el-idc-invita-a-conferencia-sobre-buen-manejo-del-recurso-humano-en-las-pymes\/","title":{"rendered":"Econom\u00eda invita a conferencia sobre recurso humano en las pymes"},"content":{"rendered":"<!DOCTYPE html PUBLIC \"-\/\/W3C\/\/DTD HTML 4.0 Transitional\/\/EN\" \"http:\/\/www.w3.org\/TR\/REC-html40\/loose.dtd\">\n<html><body><div>El Ministerio de Econom&iacute;a, Infraestructura y Energ&iacute;a, a trav&eacute;s del&nbsp;Instituto de Desarrollo Comercial (IDC), invita a comerciantes, empresarios&nbsp;y emprendedores mendocinos a participar, el pr&oacute;ximo jueves 28 de abril, de la&nbsp;conferencia gratuita &ldquo;Planificaci&oacute;n y gesti&oacute;n de recursos humanos para pymes&rdquo;.<\/div>\n<div><\/div>\n<div>Esta nueva instancia de capacitaci&oacute;n es coordinada por la&nbsp;Federaci&oacute;n Econ&oacute;mica de Mendoza (FEM)&nbsp;y&nbsp;el IDC y estar&aacute; a cargo de &nbsp;Monsserrat Bahamonde, reconocida capacitadora a nivel nacional,&nbsp;especialista en el buen manejo del recurso humano.<\/div>\n<div><\/div>\n<div>El seminario, a desarrollarse en las instalaciones de la FEM, Pedro Molina&nbsp;471 de Ciudad, estar&aacute; basado en observar a la organizaci&oacute;n desde un&nbsp;enfoque sist&eacute;mico, brind&aacute;ndole al participante de la charla un panorama&nbsp;completo y pr&aacute;ctico del proceso integral de gesti&oacute;n de recursos humanos&nbsp;para que logre comprender las herramientas que puede aplicar y su&nbsp;vinculaci&oacute;n entre s&iacute;.<\/div>\n<div><\/div>\n<div>Algunos de los puntos que se van a desarrollar son&nbsp;conocer y&nbsp;comprender el proceso de planificaci&oacute;n y gesti&oacute;n de recursos humanos y profundizar en todas aquellas herramientas de organizaci&oacute;n, selecci&oacute;n&nbsp;de personal, capacitaci&oacute;n del grupo humano y la evaluaci&oacute;n.<\/div>\n<div><\/div>\n<div>La exposici&oacute;n tendr&aacute;&nbsp;un formato te&oacute;rico-pr&aacute;ctico, ejemplificado a trav&eacute;s de casos&nbsp;que pueden ser aportados por el docente o por los mismos asistentes.<\/div>\n<div><\/div>\n<div>Los interesados en participar deben confirmar asistencia llamando a los&nbsp;tel&eacute;fonos 0261 4298401\/5254 o por&nbsp;correo electr&oacute;nico a&nbsp;<a href=\"mailto:capacitacionfem@gmail.com\" target=\"_blank\">capacitacionfem@gmail.com<\/a>. Los cupos son limitados.<\/div>\n<\/body><\/html>\n","protected":false},"excerpt":{"rendered":"Ser\u00e1 el pr\u00f3ximo jueves en las instalaciones de la Federaci\u00f3n Econ\u00f3mica de\u00a0Mendoza, Pedro Molina 471 de Ciudad, con entrada libre y gratuita. Cupos\u00a0limitados.","protected":false},"author":3,"featured_media":0,"comment_status":"open","ping_status":"open","sticky":false,"template":"","format":"standard","meta":[],"categories":[1],"tags":[],"_links":{"self":[{"href":"https:\/\/www.mendoza.gov.ar\/prensa\/wp-json\/wp\/v2\/posts\/54043"}],"collection":[{"href":"https:\/\/www.mendoza.gov.ar\/prensa\/wp-json\/wp\/v2\/posts"}],"about":[{"href":"https:\/\/www.mendoza.gov.ar\/prensa\/wp-json\/wp\/v2\/types\/post"}],"author":[{"embeddable":true,"href":"https:\/\/www.mendoza.gov.ar\/prensa\/wp-json\/wp\/v2\/users\/3"}],"replies":[{"embeddable":true,"href":"https:\/\/www.mendoza.gov.ar\/prensa\/wp-json\/wp\/v2\/comments?post=54043"}],"version-history":[{"count":0,"href":"https:\/\/www.mendoza.gov.ar\/prensa\/wp-json\/wp\/v2\/posts\/54043\/revisions"}],"wp:attachment":[{"href":"https:\/\/www.mendoza.gov.ar\/prensa\/wp-json\/wp\/v2\/media?parent=54043"}],"wp:term":[{"taxonomy":"category","embeddable":true,"href":"https:\/\/www.mendoza.gov.ar\/prensa\/wp-json\/wp\/v2\/categories?post=54043"},{"taxonomy":"post_tag","embeddable":true,"href":"https:\/\/www.mendoza.gov.ar\/prensa\/wp-json\/wp\/v2\/tags?post=54043"}],"curies":[{"name":"wp","href":"https:\/\/api.w.org\/{rel}","templated":true}]}}