{"id":54255,"date":"2016-04-28T14:40:56","date_gmt":"2016-04-28T17:40:56","guid":{"rendered":"http:\/\/prensa.mendoza.gov.ar\/?p=54255"},"modified":"2016-04-28T14:40:56","modified_gmt":"2016-04-28T17:40:56","slug":"cornejo-en-la-paz-debemos-revalorizar-en-serio-la-educacion-no-solo-en-los-discursos-3","status":"publish","type":"post","link":"https:\/\/www.mendoza.gov.ar\/prensa\/cornejo-en-la-paz-debemos-revalorizar-en-serio-la-educacion-no-solo-en-los-discursos-3\/","title":{"rendered":"Cornejo en La Paz: \u201cDebemos revalorizar en serio la educaci\u00f3n, no s\u00f3lo en los discursos\u201d"},"content":{"rendered":"<!DOCTYPE html PUBLIC \"-\/\/W3C\/\/DTD HTML 4.0 Transitional\/\/EN\" \"http:\/\/www.w3.org\/TR\/REC-html40\/loose.dtd\">\n<html><body><p>En un acto realizado esta ma&ntilde;ana, el Gobernador Alfredo Cornejo dej&oacute; inaugurado el Jard&iacute;n maternal N&ordm; 350&nbsp; &ldquo;Travesuras pace&ntilde;as&rdquo; , ubicado entre las calles Malvinas y Corocorto de Villa Antigua, La Paz.<\/p>\n<p>Participaron del acto, adem&aacute;s de Cornejo, el intendente del departamento, Gustavo Pinto; Eduardo Nasiff, director de Servicios Educativos de Origen Social; la&nbsp;subdirectora de SESO, Clara Jahan; autoridades provinciales, departamentales, escolares y representantes de la comunidad local.<\/p>\n<p>Tras una bendici&oacute;n ecum&eacute;nica de las instalaciones, la directora del establecimiento Talia Moralejo agradeci&oacute; a las autoridades y a toda la comunidad de Villa Antigua por haber logrado este anhelo y expres&oacute;: &ldquo;Ahora todos los padres van a poder trabajar y estudiar tranquilos y van a poder confiarnos la educaci&oacute;n de sus hijos a profesionales&rdquo;.<\/p>\n<p>Por su parte, el intendente Pinto record&oacute;: &ldquo;Es una linda coincidencia estar inaugurando una obra en esta comunidad, a diez a&ntilde;os de haber asumido la responsabilidad de gobernar los destinos de los pace&ntilde;os&rdquo;.<\/p>\n<p>&ldquo;A la hora de ampliar la oferta educativa para ni&ntilde;os menores de 4 a&ntilde;os en la comunidad vimos que no ten&iacute;amos las condiciones edilicias apropiadas y gracias a la gesti&oacute;n de mucha gente, hoy, estamos inaugurando un espacio de formaci&oacute;n y educaci&oacute;n&nbsp; para los chiquitos de 0 a cuatro a&ntilde;os. Les agradecemos al Gobernador y al titular de la DGE que r&aacute;pidamente crearon los cargos docentes para comenzar a funcionar&rdquo;. Y finaliz&oacute;: &rdquo; Se puede hacer obra p&uacute;blica si administramos bien los recursos de todos los pace&ntilde;os&rdquo;.<\/p>\n<p>Nasiff se&ntilde;al&oacute; la importancia de este nuevo jard&iacute;n ya que &ldquo;no existen en lugares chicos; y es fundamental para llevar a los chicos mientras los padres trabajan. De esta forma, no s&oacute;lo los ni&ntilde;os comienzan a insertarse en el sistema educativo, sino que favorece a la actividad productiva de la zona&rdquo;.<\/p>\n<p>&ldquo;Para poder cumplir con la demanda de este nuevo espacio, desde la DGE se han reorganizado y redistribuido los recursos, con cargos nuevos de docentes&rdquo;, aclar&oacute; el titular de los SEOS.<\/p>\n<p><strong>Reorganizar a Mendoza<\/strong><\/p>\n<p>Cornejo, a su turno, refiri&eacute;ndose al buen estado del CIC de Villa Antigua expres&oacute;: &ldquo;Encontrar ejemplos como estos me da much&iacute;sima esperanza, porque mucho m&aacute;s dif&iacute;cil que construir, que sale mucho dinero, es mantener en condiciones una infraestructura p&uacute;blica de estas caracter&iacute;sticas. Creemos que vamos a poner en muy buenas manos este centro, porque los vecinos y lo usuarios lo van a cuidar&rdquo;.<\/p>\n<p>&ldquo;Nuestro sistema educativo ha estado mal administrado. No ha premiado a la gente que hace bien las cosas&nbsp; y no ha castigado a los que las hacen mal y eso lo estamos pagando con nuestra ciudadan&iacute;a, con dificultades en la consecuci&oacute;n, en la obtenci&oacute;n del trabajo, con dificultades en el entramado social y en muchos otros &aacute;mbitos&rdquo;, sentenci&oacute; el Gobernador.<\/p>\n<p>Y agreg&oacute;: &ldquo;En la Argentina, durante much&iacute;simos a&ntilde;os se ha dicho que la educaci&oacute;n es lo principal y que debe ser todo, pero es un discurso que se dice para afuera pero que se practica poco. La mayor&iacute;a de nuestros docentes quiere sacar adelante la educaci&oacute;n de Mendoza y Argentina y los dirigentes debemos revalorizar en serio la educaci&oacute;n, no s&oacute;lo en los discursos&rdquo;.<\/p>\n<p>Cornejo explic&oacute;: &ldquo;El mayor legado que puedo dejar no van a ser obras, sino reorganizar Mendoza, sacarla del mal trance y dejarla en un buen sendero y en ese &iacute;nterin se debe mejorar la inversi&oacute;n en educaci&oacute;n, para volver a poner a Argentina en el mejor lugar del contexto&nbsp; latinoamericano, revalorizando al docente&rdquo;.<\/p>\n<p><strong>Otras obras<\/strong><\/p>\n<p>Cornejo aprovech&oacute; la oportunidad para renovar el compromiso de realizar obras de agua y cloacas en el departamento del este. &ldquo;Hay un proyecto que quiero que quede en la historia, que es cambiar la entrada a Mendoza, que si bien es un tema simb&oacute;lico, es importante desde la infraestructura. Esto nos va a permitir cambiar la entrada de Desaguadero y no s&oacute;lo mostrar la provincia y sentirnos orgullosos, sino agrupar los servicios&rdquo; en beneficio de locales y visitantes.<\/p>\n<p>&ldquo;No hay dinero para todo y vamos a ir dando prioridades, pero no debemos dejar de organizarnos, de demandar y proyectar todo lo que falta. Nuestro futuro es promisorio, es esperanzador, si seguimos la senda que nos hemos marcando&rdquo;, finaliz&oacute; Cornejo.<\/p>\n<\/body><\/html>\n","protected":false},"excerpt":{"rendered":"As\u00ed lo expres\u00f3 el Gobernador, tras dejar inaugurado el Jard\u00edn maternal N\u00ba 350 \u201cTravesuras pace\u00f1as\u201d, ubicado en Villa Antigua, La Paz. \u201cEl mayor legado que puedo dejar no van a ser obras, sino reorganizar Mendoza, sacarla del mal trance y dejarla en un buen sendero\u201d.","protected":false},"author":3,"featured_media":54242,"comment_status":"open","ping_status":"open","sticky":false,"template":"","format":"standard","meta":[],"categories":[19],"tags":[],"_links":{"self":[{"href":"https:\/\/www.mendoza.gov.ar\/prensa\/wp-json\/wp\/v2\/posts\/54255"}],"collection":[{"href":"https:\/\/www.mendoza.gov.ar\/prensa\/wp-json\/wp\/v2\/posts"}],"about":[{"href":"https:\/\/www.mendoza.gov.ar\/prensa\/wp-json\/wp\/v2\/types\/post"}],"author":[{"embeddable":true,"href":"https:\/\/www.mendoza.gov.ar\/prensa\/wp-json\/wp\/v2\/users\/3"}],"replies":[{"embeddable":true,"href":"https:\/\/www.mendoza.gov.ar\/prensa\/wp-json\/wp\/v2\/comments?post=54255"}],"version-history":[{"count":0,"href":"https:\/\/www.mendoza.gov.ar\/prensa\/wp-json\/wp\/v2\/posts\/54255\/revisions"}],"wp:featuredmedia":[{"embeddable":true,"href":"https:\/\/www.mendoza.gov.ar\/prensa\/wp-json\/wp\/v2\/media\/54242"}],"wp:attachment":[{"href":"https:\/\/www.mendoza.gov.ar\/prensa\/wp-json\/wp\/v2\/media?parent=54255"}],"wp:term":[{"taxonomy":"category","embeddable":true,"href":"https:\/\/www.mendoza.gov.ar\/prensa\/wp-json\/wp\/v2\/categories?post=54255"},{"taxonomy":"post_tag","embeddable":true,"href":"https:\/\/www.mendoza.gov.ar\/prensa\/wp-json\/wp\/v2\/tags?post=54255"}],"curies":[{"name":"wp","href":"https:\/\/api.w.org\/{rel}","templated":true}]}}