{"id":54263,"date":"2016-04-28T16:07:46","date_gmt":"2016-04-28T19:07:46","guid":{"rendered":"http:\/\/prensa.mendoza.gov.ar\/?p=54263"},"modified":"2016-04-28T16:07:46","modified_gmt":"2016-04-28T19:07:46","slug":"el-zoologico-permanecera-cerrado-el-domingo-1de-mayo","status":"publish","type":"post","link":"https:\/\/www.mendoza.gov.ar\/prensa\/el-zoologico-permanecera-cerrado-el-domingo-1de-mayo\/","title":{"rendered":"El Zool\u00f3gico permanecer\u00e1 cerrado el domingo 1de Mayo"},"content":{"rendered":"<!DOCTYPE html PUBLIC \"-\/\/W3C\/\/DTD HTML 4.0 Transitional\/\/EN\" \"http:\/\/www.w3.org\/TR\/REC-html40\/loose.dtd\">\n<html><body><p>La Secretar&iacute;a de Ambiente y Ordenamiento Territorial inform&oacute; que el pr&oacute;ximo domingo, 1 de mayo, el Zool&oacute;gico permanecer&aacute; cerrado. Por la celebraci&oacute;n del D&iacute;a del Trabajador, ese d&iacute;a, tampoco atender&aacute; el Centro de Informes de los Caballitos de Marly del Parque General San Mart&iacute;n. El martes 3 de mayo, ambas dependencias reanudar&aacute;n su actividad habitual.<\/p>\n<p>El &aacute;rea ambiental inform&oacute;, adem&aacute;s, que el viernes 29 de abril, &nbsp;a las 9,&nbsp; se realizar&aacute; un acto conmemorativo &nbsp;por el D&iacute;a del Animal. Tendr&aacute; lugar en el Monumento &ldquo;Ej&eacute;rcito de los Andes&rdquo; del Cerro de la Gloria.<\/p>\n<p>Participar&aacute;n, &nbsp;el secretario de Ambiente, Humberto Mingorance, la directora de Recursos Naturales Renovables, Mabel Chambouleyron, y la directora del Zool&oacute;gico, Mariana Caram. Habr&aacute; una suelta simb&oacute;lica de aves rehabilitadas -cern&iacute;calos americanos y aguilucho com&uacute;n- y destruir&aacute;n &nbsp;tramperos incautados en los procedimientos que realiza la Direcci&oacute;n de Recursos Naturales Renovables en distintos puntos de la provincia.<\/p>\n<\/body><\/html>\n","protected":false},"excerpt":{"rendered":"Tampoco atender\u00e1 ese d\u00eda el centro de informes ubicado en la rotonda de los Caballitos de Marly. As\u00ed lo inform\u00f3 la Secretar\u00eda de Ambiente y Ordenamiento Territorial. Ma\u00f1ana viernes se realizar\u00e1 una acto para celebrar el \u201cD\u00eda del animal\u201d.  ","protected":false},"author":3,"featured_media":54265,"comment_status":"open","ping_status":"open","sticky":false,"template":"","format":"standard","meta":[],"categories":[3],"tags":[],"_links":{"self":[{"href":"https:\/\/www.mendoza.gov.ar\/prensa\/wp-json\/wp\/v2\/posts\/54263"}],"collection":[{"href":"https:\/\/www.mendoza.gov.ar\/prensa\/wp-json\/wp\/v2\/posts"}],"about":[{"href":"https:\/\/www.mendoza.gov.ar\/prensa\/wp-json\/wp\/v2\/types\/post"}],"author":[{"embeddable":true,"href":"https:\/\/www.mendoza.gov.ar\/prensa\/wp-json\/wp\/v2\/users\/3"}],"replies":[{"embeddable":true,"href":"https:\/\/www.mendoza.gov.ar\/prensa\/wp-json\/wp\/v2\/comments?post=54263"}],"version-history":[{"count":0,"href":"https:\/\/www.mendoza.gov.ar\/prensa\/wp-json\/wp\/v2\/posts\/54263\/revisions"}],"wp:featuredmedia":[{"embeddable":true,"href":"https:\/\/www.mendoza.gov.ar\/prensa\/wp-json\/wp\/v2\/media\/54265"}],"wp:attachment":[{"href":"https:\/\/www.mendoza.gov.ar\/prensa\/wp-json\/wp\/v2\/media?parent=54263"}],"wp:term":[{"taxonomy":"category","embeddable":true,"href":"https:\/\/www.mendoza.gov.ar\/prensa\/wp-json\/wp\/v2\/categories?post=54263"},{"taxonomy":"post_tag","embeddable":true,"href":"https:\/\/www.mendoza.gov.ar\/prensa\/wp-json\/wp\/v2\/tags?post=54263"}],"curies":[{"name":"wp","href":"https:\/\/api.w.org\/{rel}","templated":true}]}}