{"id":54268,"date":"2016-04-28T17:23:23","date_gmt":"2016-04-28T20:23:23","guid":{"rendered":"http:\/\/prensa.mendoza.gov.ar\/?p=54268"},"modified":"2016-04-28T17:23:23","modified_gmt":"2016-04-28T20:23:23","slug":"la-provincia-celebra-el-dia-del-animal","status":"publish","type":"post","link":"https:\/\/www.mendoza.gov.ar\/prensa\/la-provincia-celebra-el-dia-del-animal\/","title":{"rendered":"La Provincia celebra el D\u00eda del Animal"},"content":{"rendered":"<!DOCTYPE html PUBLIC \"-\/\/W3C\/\/DTD HTML 4.0 Transitional\/\/EN\" \"http:\/\/www.w3.org\/TR\/REC-html40\/loose.dtd\">\n<html><body><p>El secretario de Ambiente y Ordenamiento Territorial, Humberto Mingorance, presidir&aacute; el acto &nbsp;del D&iacute;a del Animal que se desarrollar&aacute;&nbsp; al pie del monumento &ldquo;Ej&eacute;rcito de los Andes&rdquo; del Cerro de la Gloria.<\/p>\n<p>En este marco, se realizar&aacute; una suelta simb&oacute;lica de aves rehabilitadas (cern&iacute;calos americanos y aguilucho com&uacute;n) &nbsp;y &nbsp;listas para ser reintegradas a sus &aacute;mbitos naturales. Adem&aacute;s, se destruir&aacute;n tramperos incautados por la Direcci&oacute;n de Recursos Naturales Renovables (DRNR).<\/p>\n<p>En lo que va del a&ntilde;o se realizaron tres operativos de control de fauna y se secuestraron cerca de 100 ejemplares de animales aut&oacute;ctonos. &nbsp;Paralelamente, &nbsp;y en conjunto con fuerzas de seguridad, se rescataron ejemplares v&iacute;ctimas del comercio clandestino &nbsp;o tr&aacute;fico ilegal.<\/p>\n<p>Luego de una evaluaci&oacute;n de los animales secuestrados en las actuaciones, se ingresaron a programas de rehabilitaci&oacute;n. Finalmente, seg&uacute;n las condiciones sanitarias y conductuales que presentan, son reintroducidos en sus &aacute;reas naturales.<\/p>\n<p>Prevenir, evitar y penar la caza ilegal de especies es uno de los objetivos prioritarios de la Secretar&iacute;a de Ambiente y Ordenamiento Territorial, debido a que representa una grave &nbsp;realidad en toda la provincia.<\/p>\n<p>La tarea de control &nbsp;que desarrolla el &aacute;rea ambiental, no s&oacute;lo se dirige &nbsp;a los cazadores y traficantes furtivos sino tambi&eacute;n al otro sujeto de la cadena comercial: el comprador.<\/p>\n<p>Por esta raz&oacute;n, se ha dise&ntilde;ado una campa&ntilde;a de difusi&oacute;n cuyo mensaje busca valorizar el disfrute y valoraci&oacute;n de la fauna en sus espacios naturales, disuadiendo la tenencia de animales silvestres, una pr&aacute;ctica cultural todav&iacute;a arraigada en nuestra sociedad. El objetivo de la comunicaci&oacute;n es producir una modificaci&oacute;n en las pr&aacute;cticas y el modo de vincularse con lo natural.<\/p>\n<p><strong>Actividades Educativas de las Delegaciones de la DRNR<\/strong><\/p>\n<p>Adem&aacute;s de este acto oficial, el viernes se realizar&aacute;n charlas y acciones educativas referidas a la fauna aut&oacute;ctona organizadas por cada una de las delegaciones de la Direcci&oacute;n de Recursos Naturales Renovables &nbsp;en Malarg&uuml;e, San Rafael, San Mart&iacute;n y Valle de Uco.<\/p>\n<p><strong>Programas de Reintroducci&oacute;n de Especies Aut&oacute;ctonas<\/strong><\/p>\n<p>La Secretar&iacute;a de Ambiente ejecuta programas de reintroducci&oacute;n con la meta de establecer una poblaci&oacute;n viable y libreen la naturaleza, trat&aacute;ndose de especies o subespecies en extinci&oacute;n o en riesgo. De este modo, se busca incrementar la sobrevivencia de especies a largo plazo, restablecer especies claves (en un sentido ecol&oacute;gico o cultural) dentro decadaecosistema, favorecer la biodiversidad de los ecosistemas y promover la conciencia conservacionista en la poblaci&oacute;n.<\/p>\n<p><strong>&nbsp;<\/strong><\/p>\n<p><strong>Acciones de rescate, rehabilitaci&oacute;n y conservaci&oacute;n<\/strong><\/p>\n<p>Desde hace varios a&ntilde;os, la DNRN viene realizando un trabajo sistem&aacute;tico de rescate y rehabilitaci&oacute;nen un Centro establecido en la Refiner&iacute;a de Luj&aacute;n de Cuyo. En esta oportunidad se dispondr&aacute; de un grupo de alrededor de 50 aves rehabilitadas para ser reintroducidas en sus &aacute;reas de distribuci&oacute;n biol&oacute;gica. Entre las especies de avesatendidas hay: Siete cuchillos &ndash;<em>saltatoraurantiirostris-<\/em>, cardenal amarillo &ndash;<em>gubernatrixcristatta-<\/em>, diuca-<em>diuca diuca-<\/em>, jilgueros <em>-sicalissp.-,<\/em>yal-p<em>hryjiluscarbonarius-.<\/em><\/p>\n<p>Otra de las l&iacute;neas de acci&oacute;n respecto a la fauna aut&oacute;ctona es el trabajo interprovincial de rescate y conservaci&oacute;n que viene efectuando la repartici&oacute;n mediante la articulaci&oacute;n de los gobiernos provinciales, a trav&eacute;s de sus organismos de fauna. Por ejemplo, a partir de un procedimiento efectuado el s&aacute;bado 23 de abril, ser&aacute;n enviados reptiles juveniles de lagarto overo <em>-tupinambismerianae-<\/em>, al centro de rescate de fauna en La Florida, El Trapiche (San Luis), para ser atendidos y evaluar su reintroducci&oacute;n.<\/p>\n<\/body><\/html>\n","protected":false},"excerpt":{"rendered":"Ma\u00f1ana a las 9, la Secretar\u00eda de Ambiente y Ordenamiento Territorial, realizar\u00e1 un acto conmemorativo del D\u00eda del Animal en el monumento \u201cEj\u00e9rcito de los Andes\u201d del Cerro de la Gloria.","protected":false},"author":3,"featured_media":54269,"comment_status":"open","ping_status":"open","sticky":false,"template":"","format":"standard","meta":[],"categories":[3],"tags":[],"_links":{"self":[{"href":"https:\/\/www.mendoza.gov.ar\/prensa\/wp-json\/wp\/v2\/posts\/54268"}],"collection":[{"href":"https:\/\/www.mendoza.gov.ar\/prensa\/wp-json\/wp\/v2\/posts"}],"about":[{"href":"https:\/\/www.mendoza.gov.ar\/prensa\/wp-json\/wp\/v2\/types\/post"}],"author":[{"embeddable":true,"href":"https:\/\/www.mendoza.gov.ar\/prensa\/wp-json\/wp\/v2\/users\/3"}],"replies":[{"embeddable":true,"href":"https:\/\/www.mendoza.gov.ar\/prensa\/wp-json\/wp\/v2\/comments?post=54268"}],"version-history":[{"count":0,"href":"https:\/\/www.mendoza.gov.ar\/prensa\/wp-json\/wp\/v2\/posts\/54268\/revisions"}],"wp:featuredmedia":[{"embeddable":true,"href":"https:\/\/www.mendoza.gov.ar\/prensa\/wp-json\/wp\/v2\/media\/54269"}],"wp:attachment":[{"href":"https:\/\/www.mendoza.gov.ar\/prensa\/wp-json\/wp\/v2\/media?parent=54268"}],"wp:term":[{"taxonomy":"category","embeddable":true,"href":"https:\/\/www.mendoza.gov.ar\/prensa\/wp-json\/wp\/v2\/categories?post=54268"},{"taxonomy":"post_tag","embeddable":true,"href":"https:\/\/www.mendoza.gov.ar\/prensa\/wp-json\/wp\/v2\/tags?post=54268"}],"curies":[{"name":"wp","href":"https:\/\/api.w.org\/{rel}","templated":true}]}}