{"id":54338,"date":"2016-04-29T16:46:24","date_gmt":"2016-04-29T19:46:24","guid":{"rendered":"http:\/\/prensa.mendoza.gov.ar\/?p=54338"},"modified":"2016-04-29T16:46:24","modified_gmt":"2016-04-29T19:46:24","slug":"cornejo-inauguro-el-gran-hotel-potrerillos","status":"publish","type":"post","link":"https:\/\/www.mendoza.gov.ar\/prensa\/cornejo-inauguro-el-gran-hotel-potrerillos\/","title":{"rendered":"Cornejo inaugur\u00f3 el Gran Hotel Potrerillos"},"content":{"rendered":"<!DOCTYPE html PUBLIC \"-\/\/W3C\/\/DTD HTML 4.0 Transitional\/\/EN\" \"http:\/\/www.w3.org\/TR\/REC-html40\/loose.dtd\">\n<html><body><p>Alfredo Cornejo particip&oacute; del&nbsp; acto de inauguraci&oacute;n del Gran Hotel Potrerillos. Desde el lugar, el Gobernador destac&oacute; la importancia de la inversi&oacute;n en materia tur&iacute;stica y como propulsora de generaci&oacute;n de empleo. Adem&aacute;s subray&oacute; que el T&uacute;nel en el que ya se est&aacute; trabajando, y que unir&aacute; la Ciudad de Mendoza con Potrerillos, forma parte del plan estrat&eacute;gico para la puesta en valor de la zona que hab&iacute;a quedado durante a&ntilde;os en el olvido.<\/p>\n<p>Participaron del encuentro la presidenta del Ente Mendoza Turismo (EMETUR), Gabriela Testa; Humberto Mingorance, secretario de Ambiente y Ordenamiento Territorial y Enrique Vaqui&eacute;, ministro de Econom&iacute;a, Infraestructura y Energ&iacute;a. Tambi&eacute;n estuvieron presentes los propietarios del lugar: Gonzalo Sarriguren, presidente de Nell Joy Ind.Mendoza S.A y Fernando Porreta, presidente de CEOSA quienes realizaron la inversi&oacute;n y tendr&aacute;n a cargo de la administraci&oacute;n del Hotel.<\/p>\n<p>&ldquo;Nuestra principal preocupaci&oacute;n es, entre otras, la generaci&oacute;n del empleo&rdquo; dijo Cornejo. Y agreg&oacute;: &ldquo;Hay que seguir esta tendencia fomentando nuestro turismo que es de alta calidad. Para ello debemos alentar estas iniciativas&rdquo;. El Gobernador subray&oacute; que &ldquo;nuestro recurso humano, a pesar del deterioro que hemos sufrido, es muy calificado si lo comparamos con otras provincias. Tenemos mucho para ofrecerle al pa&iacute;s, hay mucha gente interesada en visitarnos&rdquo;.<\/p>\n<p>&ldquo;La reapertura del Hotel representa una linda oportunidad para hablar sobre este tema en particular- indic&oacute; Cornejo en referencia al empleo- y sobre el turismo en general. Advierto en esta actividad un gran potencial que crece. Y ha crecido muchas veces por influencia de la regulaci&oacute;n estatal pero muchas m&aacute;s veces por incidencia de los proyectos privados individuales como es el caso del Hotel&rdquo;.<\/p>\n<p>&ldquo;Podemos atraer a mucha gente a conocer nuestras bellezas naturales si tenemos buenos servicios. Y en este sentido, este Hotel es el coraz&oacute;n del proyecto&rdquo;, &nbsp;indic&oacute; Cornejo tras explicar que el T&uacute;nel que unir&aacute; Cacheuta con Potrerillos, ya en construcci&oacute;n, complementar&aacute; la obra beneficiando no s&oacute;lo al Hotel sino tambi&eacute;n a la reactivaci&oacute;n tur&iacute;stica de la zona.<\/p>\n<p>El Gobernador hizo referencia a un plan de inversiones necesario para la puesta en valor de Potrerillos y explic&oacute; que ya se est&aacute; trabajando en un Plan Integral de Desarrollo del que participar&aacute;n Las Heras, Godoy Cruz y Luj&aacute;n. &ldquo;Se requiere de un plan de inversiones completas, tanto p&uacute;blicas como privadas, pero con privados que inviertan y que nosotros seamos quienes otorguemos las garant&iacute;as regulatorias para que la gente invierta en este lugar con seguridad jur&iacute;dica&rdquo;, dijo.<\/p>\n<\/body><\/html>\n","protected":false},"excerpt":{"rendered":"Generaci\u00f3n de empleo y reactivaci\u00f3n del turismo son las dos claves por las que Cornejo impuls\u00f3 la reapertura de este espacio,  luego de que el lugar permaneciera cerrado durante 15 a\u00f1os.","protected":false},"author":3,"featured_media":54341,"comment_status":"open","ping_status":"open","sticky":false,"template":"","format":"standard","meta":[],"categories":[19],"tags":[],"_links":{"self":[{"href":"https:\/\/www.mendoza.gov.ar\/prensa\/wp-json\/wp\/v2\/posts\/54338"}],"collection":[{"href":"https:\/\/www.mendoza.gov.ar\/prensa\/wp-json\/wp\/v2\/posts"}],"about":[{"href":"https:\/\/www.mendoza.gov.ar\/prensa\/wp-json\/wp\/v2\/types\/post"}],"author":[{"embeddable":true,"href":"https:\/\/www.mendoza.gov.ar\/prensa\/wp-json\/wp\/v2\/users\/3"}],"replies":[{"embeddable":true,"href":"https:\/\/www.mendoza.gov.ar\/prensa\/wp-json\/wp\/v2\/comments?post=54338"}],"version-history":[{"count":0,"href":"https:\/\/www.mendoza.gov.ar\/prensa\/wp-json\/wp\/v2\/posts\/54338\/revisions"}],"wp:featuredmedia":[{"embeddable":true,"href":"https:\/\/www.mendoza.gov.ar\/prensa\/wp-json\/wp\/v2\/media\/54341"}],"wp:attachment":[{"href":"https:\/\/www.mendoza.gov.ar\/prensa\/wp-json\/wp\/v2\/media?parent=54338"}],"wp:term":[{"taxonomy":"category","embeddable":true,"href":"https:\/\/www.mendoza.gov.ar\/prensa\/wp-json\/wp\/v2\/categories?post=54338"},{"taxonomy":"post_tag","embeddable":true,"href":"https:\/\/www.mendoza.gov.ar\/prensa\/wp-json\/wp\/v2\/tags?post=54338"}],"curies":[{"name":"wp","href":"https:\/\/api.w.org\/{rel}","templated":true}]}}