{"id":54382,"date":"2016-04-30T12:19:56","date_gmt":"2016-04-30T15:19:56","guid":{"rendered":"http:\/\/prensa.mendoza.gov.ar\/?p=54382"},"modified":"2016-04-30T12:19:56","modified_gmt":"2016-04-30T15:19:56","slug":"asamblea-legislativa-2016-el-discurso-del-gobernador-se-transmitira-por-senal-unica","status":"publish","type":"post","link":"https:\/\/www.mendoza.gov.ar\/prensa\/asamblea-legislativa-2016-el-discurso-del-gobernador-se-transmitira-por-senal-unica\/","title":{"rendered":"Asamblea Legislativa 2016: el discurso del Gobernador se transmitir\u00e1 por se\u00f1al \u00fanica generada a trav\u00e9s del canal p\u00fablico"},"content":{"rendered":"<!DOCTYPE html PUBLIC \"-\/\/W3C\/\/DTD HTML 4.0 Transitional\/\/EN\" \"http:\/\/www.w3.org\/TR\/REC-html40\/loose.dtd\">\n<html><body><p>El Gobernador Alfredo Cornejo brindar&aacute; este domingo 1 de mayo su primer discurso de apertura de Sesiones Ordinarias 2016 en la Legislatura provincial. Los mendocinos tendr&aacute;n la posibilidad de seguir en vivo la transmisi&oacute;n desde cualquier punto de la provincia a trav&eacute;s de la se&ntilde;al abierta del canal Acequia.<\/p>\n<p>Se proyectar&aacute; el discurso mediante una transmisi&oacute;n &uacute;nica a trav&eacute;s del Sat&eacute;lite ARSAT, y de esta manera, los canales de aire y de cable del interior de Mendoza podr&aacute;n tomar la se&ntilde;al de manera libre.<\/p>\n<p>Est&aacute; previsto que la programaci&oacute;n de la Apertura de Sesiones Legislativas 2016 comience a las 9 y finalice a las 13.<\/p>\n<\/body><\/html>\n","protected":false},"excerpt":{"rendered":"Ser\u00e1 a trav\u00e9s de una transmisi\u00f3n abierta del canal p\u00fablico provincial Acequia y se difundir\u00e1 en toda la provincia en vivo.","protected":false},"author":3,"featured_media":0,"comment_status":"open","ping_status":"open","sticky":false,"template":"","format":"standard","meta":[],"categories":[19],"tags":[],"_links":{"self":[{"href":"https:\/\/www.mendoza.gov.ar\/prensa\/wp-json\/wp\/v2\/posts\/54382"}],"collection":[{"href":"https:\/\/www.mendoza.gov.ar\/prensa\/wp-json\/wp\/v2\/posts"}],"about":[{"href":"https:\/\/www.mendoza.gov.ar\/prensa\/wp-json\/wp\/v2\/types\/post"}],"author":[{"embeddable":true,"href":"https:\/\/www.mendoza.gov.ar\/prensa\/wp-json\/wp\/v2\/users\/3"}],"replies":[{"embeddable":true,"href":"https:\/\/www.mendoza.gov.ar\/prensa\/wp-json\/wp\/v2\/comments?post=54382"}],"version-history":[{"count":0,"href":"https:\/\/www.mendoza.gov.ar\/prensa\/wp-json\/wp\/v2\/posts\/54382\/revisions"}],"wp:attachment":[{"href":"https:\/\/www.mendoza.gov.ar\/prensa\/wp-json\/wp\/v2\/media?parent=54382"}],"wp:term":[{"taxonomy":"category","embeddable":true,"href":"https:\/\/www.mendoza.gov.ar\/prensa\/wp-json\/wp\/v2\/categories?post=54382"},{"taxonomy":"post_tag","embeddable":true,"href":"https:\/\/www.mendoza.gov.ar\/prensa\/wp-json\/wp\/v2\/tags?post=54382"}],"curies":[{"name":"wp","href":"https:\/\/api.w.org\/{rel}","templated":true}]}}