{"id":54403,"date":"2016-05-01T09:50:51","date_gmt":"2016-05-01T12:50:51","guid":{"rendered":"http:\/\/prensa.mendoza.gov.ar\/?p=54403"},"modified":"2016-05-01T09:50:51","modified_gmt":"2016-05-01T12:50:51","slug":"el-gobernador-cornejo-abrira-el-primer-periodo-de-sesiones-ordinarias-de-su-gestion","status":"publish","type":"post","link":"https:\/\/www.mendoza.gov.ar\/prensa\/el-gobernador-cornejo-abrira-el-primer-periodo-de-sesiones-ordinarias-de-su-gestion\/","title":{"rendered":"El Gobernador Cornejo abrir\u00e1 el primer per\u00edodo de Sesiones Ordinarias de su gesti\u00f3n"},"content":{"rendered":"<!DOCTYPE html PUBLIC \"-\/\/W3C\/\/DTD HTML 4.0 Transitional\/\/EN\" \"http:\/\/www.w3.org\/TR\/REC-html40\/loose.dtd\">\n<html><body><p>El Gobernador Alfredo Cornejo est&aacute; a minutos de abrir el per&iacute;odo de Sesiones Ordinarias en la Legislatura y de a poco el recinto se va llenando de senadores y diputados.<\/p>\n<p>Funcionarios provinciales y nacionales, legisladores, intendentes y miembros del gabinete,&nbsp;ya ubicados en su lugar, aguardan al primer mandatario mendocino, quien por primera vez estar&aacute; &nbsp;inaugurando las sesiones ordinarias.<\/p>\n<p>La actividad comenz&oacute; a las 8.30, cuando las autoridades de la C&aacute;mara recibieron a los invitados especiales: intendentes y legisladores nacionales, a quienes se les ofreci&oacute; un desayuno de bienvenida en Sal&oacute;n Rojo.<\/p>\n<p>Con el izamiento de la Bandera Argentina, la vicegobernadora inici&oacute;, pasadas las 9,&nbsp; la sesi&oacute;n legislativa para conformar las comisiones de recepci&oacute;n del jefe del Ejecutivo provincial.<\/p>\n<p>Una vez arribado al edificio, el Gobernador atravesar&aacute; el Sal&oacute;n de los Pasos Perdidos y el Sal&oacute;n de los Gobernadores, donde saludar&aacute; a invitados especiales de los tres poderes del Estado.<\/p>\n<p>Ubicado en el lugar cabecera del recinto comenzar&aacute; la ceremonia.<\/p>\n<p>La formalidad del protocolo del 1 de mayo es considerada de alto nivel y est&aacute; reservada para cuando autoridades provinciales o nacionales visitan la Casa de las Leyes.<\/p>\n<\/body><\/html>\n","protected":false},"excerpt":{"rendered":"A su llegada a la Legislatura, se encontr\u00f3 con un gran n\u00famero de militantes. Luego del izamiento de la Bandera y en compa\u00f1\u00eda de la vicegobernadora, Laura Montero, hace su ingreso a la Casa de las Leyes.","protected":false},"author":3,"featured_media":54419,"comment_status":"open","ping_status":"open","sticky":false,"template":"","format":"standard","meta":[],"categories":[19],"tags":[],"_links":{"self":[{"href":"https:\/\/www.mendoza.gov.ar\/prensa\/wp-json\/wp\/v2\/posts\/54403"}],"collection":[{"href":"https:\/\/www.mendoza.gov.ar\/prensa\/wp-json\/wp\/v2\/posts"}],"about":[{"href":"https:\/\/www.mendoza.gov.ar\/prensa\/wp-json\/wp\/v2\/types\/post"}],"author":[{"embeddable":true,"href":"https:\/\/www.mendoza.gov.ar\/prensa\/wp-json\/wp\/v2\/users\/3"}],"replies":[{"embeddable":true,"href":"https:\/\/www.mendoza.gov.ar\/prensa\/wp-json\/wp\/v2\/comments?post=54403"}],"version-history":[{"count":0,"href":"https:\/\/www.mendoza.gov.ar\/prensa\/wp-json\/wp\/v2\/posts\/54403\/revisions"}],"wp:featuredmedia":[{"embeddable":true,"href":"https:\/\/www.mendoza.gov.ar\/prensa\/wp-json\/wp\/v2\/media\/54419"}],"wp:attachment":[{"href":"https:\/\/www.mendoza.gov.ar\/prensa\/wp-json\/wp\/v2\/media?parent=54403"}],"wp:term":[{"taxonomy":"category","embeddable":true,"href":"https:\/\/www.mendoza.gov.ar\/prensa\/wp-json\/wp\/v2\/categories?post=54403"},{"taxonomy":"post_tag","embeddable":true,"href":"https:\/\/www.mendoza.gov.ar\/prensa\/wp-json\/wp\/v2\/tags?post=54403"}],"curies":[{"name":"wp","href":"https:\/\/api.w.org\/{rel}","templated":true}]}}