{"id":54427,"date":"2016-05-01T12:33:19","date_gmt":"2016-05-01T15:33:19","guid":{"rendered":"http:\/\/prensa.mendoza.gov.ar\/?p=54427"},"modified":"2016-05-01T12:33:19","modified_gmt":"2016-05-01T15:33:19","slug":"cuenten-con-el-trabajo-incansable-de-este-gobierno","status":"publish","type":"post","link":"https:\/\/www.mendoza.gov.ar\/prensa\/cuenten-con-el-trabajo-incansable-de-este-gobierno\/","title":{"rendered":"&quot;Cuenten con el trabajo incansable de este Gobierno\u201d"},"content":{"rendered":"<!DOCTYPE html PUBLIC \"-\/\/W3C\/\/DTD HTML 4.0 Transitional\/\/EN\" \"http:\/\/www.w3.org\/TR\/REC-html40\/loose.dtd\">\n<html><body><p>&ldquo;En las circunstancias en que me toca gobernar, resulta obligado hacer notar que los importantes logros alcanzados a lo largo de estos 143 d&iacute;as de gesti&oacute;n s&oacute;lo pueden ser valorados en su justa medida si antes se comprende el contexto de profunda crisis de donde partimos. S&oacute;lo entendiendo lo que hemos encontrado podr&aacute; comprenderse el porqu&eacute; de lo que hemos hecho, de lo que queremos hacer y de las prioridades que tiene el gobierno que encabezo&rdquo;. Con estas palabras, el Gobernador Alfredo Cornejo introdujo el discurso ante&nbsp;la Asamblea Legislativa.<\/p>\n<p>&ldquo;Es que en la medida en que tomamos control efectivo de la administraci&oacute;n y hemos ido evaluando cada &aacute;rea espec&iacute;fica, pudimos comprobar que el nivel de deterioro del Estado supera a los pron&oacute;sticos m&aacute;s pesimistas que se insinuaban previamente&rsquo;&rsquo;.<\/p>\n<p>&ldquo;&rsquo;Queremos -continu&oacute; el Gobernador- devolverles a los mendocinos un Estado moderno, previsible, sano y prestador de servicios de calidad, creando as&iacute; una plataforma s&oacute;lida para que la actividad p&uacute;blica y la actividad privada puedan enlazarse de manera virtuosa, como fue en los mejores momentos de la historia econ&oacute;mica de Mendoza, porque s&oacute;lo as&iacute; se pueden crear mayores capacidades productivas que generen trabajo y progreso para todos&rsquo;&rsquo;.<\/p>\n<p>Con esta introducci&oacute;n, Cornejo realiz&oacute; un panorama de lo encontrado y explic&oacute;: &lsquo;&rsquo;En materia de hacienda p&uacute;blica, estamos cambiando el perfil de deuda que ten&iacute;amos con vencimientos concentrados en tres a&ntilde;os, que imposibilitan el funcionamiento del Estado&rsquo;&rsquo;. En esa l&iacute;nea, enumer&oacute; que se reprogramaron los vencimientos de corto plazo con el agente financiero de la Provincia, poniendo en marcha un plan de emergencia, refinanciando y consolidando deuda con proveedores.<\/p>\n<p><strong>Modernizaci&oacute;n del Estado<\/strong><\/p>\n<p>Un espacio destacado lo llev&oacute; el tema de la modernizaci&oacute;n del Estado: &ldquo;&rsquo;En el marco de un nuevo concepto de Estado, el proceso de modernizaci&oacute;n en la gesti&oacute;n supone una revisi&oacute;n de la manera en la que se presta el servicio p&uacute;blico en general y los servicios esenciales en particular, con la finalidad &uacute;ltima de que el beneficiario sea el mendocino&rdquo;.<\/p>\n<p>&ldquo;El proceso de modernizaci&oacute;n lo hemos enfocado desde la perspectiva tecnol&oacute;gica, la jerarquizaci&oacute;n del empleado p&uacute;blico y desde el gerenciamiento del recurso humano, creando la Direcci&oacute;n General de Recursos Humanos y Funci&oacute;n P&uacute;blica&rsquo;&rsquo;.<\/p>\n<p>Y al respecto agreg&oacute;: &lsquo;&rsquo;Hemos planteado el concurso como vara igualadora en el ingreso y ascenso dentro del empleo p&uacute;blico. Creemos que el proceso de concursos debe complementarse con un sistema de capacitaci&oacute;n constante de las filas de la administraci&oacute;n p&uacute;blica. Vamos a crear el Instituto de Capacitaci&oacute;n Permanente para el Empleo P&uacute;blico, invitando a las entidades sindicales a participar de este instituto, a fin de que hagan aportes desde su experiencia para orientar el Estado al servicio de la calidad&rsquo;&rsquo;.<\/p>\n<p>&ldquo;En cuanto a la reforma pol&iacute;tica, estamos trabajando en consonancia con el Gobierno Federal para impulsar un amplio debate a fin de lograr acuerdos tendientes a la reforma electoral, que introduzca la boleta &uacute;nica como nueva herramienta superadora para la expresi&oacute;n del voto. &nbsp;Esto significar&aacute; un salto de calidad y transparencia en los comicios&rsquo;&rsquo;.<\/p>\n<p><strong>Salud<\/strong><\/p>\n<p>En Salud, &ldquo;hemos asumido la tarea de ir regularizando los problemas financieros, asistenciales y de desabastecimiento de los hospitales y centros de salud, zonificado la red sanitaria en cinco regiones y trabajando para reorganizar la redistribuci&oacute;n del recurso humano&rdquo;.<\/p>\n<p>&ldquo;Estamos abocados a realizar acciones de mejora continua y de manera paulatina en cada uno de los hospitales de la Provincia, para que cada ciudadano encuentre salvaguardado el derecho a su salud. Eso tambi&eacute;n incluye el plan de trabajo con el Ministerio de Econom&iacute;a, Infraestructura y Energ&iacute;a para avanzar en las obras que quedaron inconclusas durante la gesti&oacute;n anterior&rsquo;&rsquo;, explic&oacute; el Gobernador.<\/p>\n<p><strong>Escuela abierta<\/strong><\/p>\n<p>Este Gobierno sostiene&nbsp;que &ldquo;en el acto de ense&ntilde;ar y aprender se encuentra uno de los hechos m&aacute;s trascendentes de la vida social para construir una sociedad mejor. La escuela abierta es el verdadero generador de oportunidades y, por lo tanto, es el d&iacute;namo que nos entrega la energ&iacute;a para reparar las desigualdades, abriendo los mejores caminos para el progreso individual y colectivo. La escuela abierta, que ense&ntilde;a a pensar y a vincularse con el mundo desde una perspectiva creativa y cr&iacute;tica es, en consecuencia, la plataforma m&aacute;s fuerte de la esperanza&rsquo;&rsquo;.<\/p>\n<p>Instauraremos un &ldquo;cambio sostenido basado en tres pilares de orden: asistencia, evaluaci&oacute;n y convivencia&rsquo;&rsquo;. Y a la vez dando &ldquo;prioridad al fortalecimiento de la profesi&oacute;n docente con capacitaci&oacute;n&rsquo;&rsquo;.<\/p>\n<p>Y enfatiz&oacute; el Gobernador: &ldquo;El orden supone centrar la tarea educativa en el aula, lo que no pasa en el aula, no pasa en la educaci&oacute;n. El orden supone tambi&eacute;n instaurar la revoluci&oacute;n de lo sencillo, de una escuela centrada en los aprendizajes, con alumnos que aprenden y respetan a sus docentes y con docentes que se comprometen con su tarea y construyen autoridad. La escuela es un &aacute;mbito que debe ser especialmente cuidado, protegido y querido por la sociedad entera&rsquo;&rsquo;.<\/p>\n<p><strong>Vitivinicultura, obras y apoyo a las pymes<\/strong><\/p>\n<p>En su discurso, Cornejo enumer&oacute; una serie de gestiones hechas a favor de la vitivinicultura que incluyeron un operativo de compra del sobresotck, tr&aacute;mites realizados ante el Estado nacional que renueve el decreto que extiende la exenci&oacute;n del 12% a los vinos espumantes y para la obtenci&oacute;n de un fondo de $50 millones para la lucha contra la lobesia botrana.<\/p>\n<p>&ldquo;En cuanto a la reactivaci&oacute;n de la obra p&uacute;blica y teniendo en cuenta la multimillonaria deuda, se reiniciaron obras que hab&iacute;an sido paralizadas durante la gesti&oacute;n anterior. Hemos adquirido financiamiento de la Naci&oacute;n para dar inicio a 700 viviendas m&aacute;s de las que hoy se encuentran activas&rdquo;, anunci&oacute; como primicia.<\/p>\n<p>Tambi&eacute;n explic&oacute; que ha decidido refundar la Direcci&oacute;n de Estad&iacute;sticas, que &ldquo;luego de ocho&nbsp;a&ntilde;os de gran inactividad&rsquo;&rsquo;.<\/p>\n<p>&ldquo;En materia de ordenamiento de &aacute;reas petroleras y mineras, con firmeza y decisi&oacute;n, el Gobierno &nbsp;est&aacute; trabajando para evitar las especulaciones en actividades que son muy importantes para la provincia. Desde que asumimos se ha dictado la caducidad de un &aacute;rea petrolera y de 275 concesiones mineras para licitarlas a favor de nuevos inversores&rsquo;&rsquo;.<\/p>\n<p>En cuanto al apoyo al apoyo al empresariado, Cornejo inform&oacute;: &lsquo;&rsquo;Estamos trabajamos en el fortalecimiento de las pymes, a trav&eacute;s de programas de financiamiento nacionales y en el desarrollo de una red de incubadoras de empresas basada en el fomento de emprendedores con impacto social&rsquo;&rsquo;.<\/p>\n<p><strong>Transporte p&uacute;blico<\/strong><\/p>\n<p>Sobre el transporte p&uacute;blico de pasajeros, sostuvo el Gobernador: &ldquo;Hemos comenzado por afrontar la deuda que exist&iacute;a con los del servicio urbano, que alcanzaba casi los $165 millones. Hoy nos encontramos en la etapa de regularizaci&oacute;n mediante la utilizaci&oacute;n de t&iacute;tulos provinciales de consolidaci&oacute;n de deudas. Asimismo, estamos ocup&aacute;ndonos de resolver la deuda a las empresas que cubren los recorridos de media y larga distancia&rsquo;&rsquo;.<\/p>\n<p>&ldquo;Quiero destacar el esfuerzo que estamos realizando para cumplir en tiempo y forma con los pagos correspondientes a subsidios provinciales destinados a los concesionarios del transporte p&uacute;blico del &aacute;rea urbana y conurbana. En cuanto a la Empresa Provincial de Transporte de Mendoza, estamos abocados a su inmediata reorganizaci&oacute;n porque su estado es alarmante desde todos los &aacute;ngulos imaginables. He instruido al secretario de Transporte y Servicios P&uacute;blicos para que en los pr&oacute;ximos 30 d&iacute;as ponga a consideraci&oacute;n las l&iacute;neas de trabajo que est&aacute; desarrollando para definir el mejor futuro de la Empresa&rsquo;&rsquo;.<\/p>\n<p>&ldquo;Ambicionamos que Mendoza cuente con un sistema de transporte sustentable, sacando el m&aacute;ximo partido de la red actual, haci&eacute;ndola extensiva a todo el territorio provincial y con frecuencias razonables. Queremos que los costos de viaje sean accesibles para quienes m&aacute;s lo necesitan o bien, para los que no pueden prescindir de &eacute;l&rsquo;&rsquo;, finaliz&oacute; en este tema el primer mandatario provincial.<\/p>\n<p><strong>Agua<\/strong><\/p>\n<p>En relaci&oacute;n a este recurso, el Gobernador explic&oacute; que en estos cuatro meses se han aportando $ 31,3 millones para que AYSAM pueda hacer frente a sus compromisos y que se van a desarrollar los proyectos de reorganizaci&oacute;n de los operadores de gesti&oacute;n comunitaria; elaboraci&oacute;n de planes directores para la empresa AYSAM SAPEM y el Plan Provincial de Eficiencia Energ&eacute;tica, adem&aacute;s de realizarse una serie de obras con fondos nacionales.<\/p>\n<p><strong>Servicio el&eacute;ctrico<\/strong><\/p>\n<p>&lsquo;&rsquo;Son y ser&aacute;n una meta clara de este Gobierno en beneficio de la calidad y seguridad del sistema. Sabemos que el plan de obras necesario en el sector de la distribuci&oacute;n para recuperar los a&ntilde;os de atraso supera los recursos tarifarios de las empresas. Por eso, exploraremos &nbsp;todas las alternativas provinciales y nacionales, tomando un rol activo que contribuya a resolver el problema&rsquo;&rsquo;.<\/p>\n<p><strong>Ambiente<\/strong><\/p>\n<p>En cuanto al Ambiente y el desarrollo territorial, Cornejo expres&oacute;: &ldquo;Hemos dise&ntilde;ado planes de gesti&oacute;n y manejo para las reservas a trav&eacute;s del&nbsp; dise&ntilde;o y la construcci&oacute;n de centros de interpretaci&oacute;n y otras infraestructuras afines para recibir turismo en las zonas protegidas. Paralelamente, se ha avanzado en la creaci&oacute;n de Unicipio, que es el Consejo de Coordinaci&oacute;n de Pol&iacute;ticas P&uacute;blicas para el &Aacute;rea Metropolitana, cuyo trabajo est&aacute; orientado a coordinar los esfuerzos de los municipios del Gran Mendoza en materia de arbolado p&uacute;blico, gesti&oacute;n de residuos, movilidad y seguridad&rdquo;.<\/p>\n<p><strong>Turismo<\/strong><\/p>\n<p>&ldquo;Creemos en el turismo como una industria prioritaria dentro de las pol&iacute;ticas de Estado por su funci&oacute;n socioecon&oacute;mica, estrat&eacute;gica y esencial para el desarrollo provincial. Desde el Ente se est&aacute; trabajando para orientar la pol&iacute;tica p&uacute;blica del turismo de Mendoza, de&nbsp;forma planificada, hacia un modelo de desarrollo sustentable, basado en la diversidad de su oferta&rdquo;, dijo el Gobernador, y detall&oacute; que se est&aacute; trabajando en mejorar la conectividad a&eacute;rea, clave para el desarrollo tur&iacute;stico.<\/p>\n<p><strong>Cultura<\/strong><\/p>\n<p>En cuanto a pol&iacute;tica cultural, explic&oacute;: &ldquo;Quiero poner de relieve un cambio rotundo en la forma de abordaje de la gesti&oacute;n. Creo que lo m&aacute;s importante ha sido el cambio de concepci&oacute;n, que dej&oacute; de enfocar como prioridad las fuertes transferencias de dinero p&uacute;blico a megaeventos improductivos, para orientarlos ahora a los hacedores culturales locales y a los espacios de usos culturales de todo el territorio provincial, para lo que se han creado los distritos culturales&rdquo;.<\/p>\n<p><strong>Seguridad<\/strong><\/p>\n<p>&ldquo;La seguridad es, sin dudas, la demanda m&aacute;s importante de la ciudadan&iacute;a mendocina, por eso es mi prioridad de gobierno y desde el mismo instante en que hemos asumido la conducci&oacute;n del Estado, estamos haciendo reformas profundas que paulatinamente van a ir generando los resultados esperados&rdquo;.<\/p>\n<p>Y en ese contexto remarc&oacute; que se buscar&aacute;&nbsp; una polic&iacute;a con mayor conocimiento y responsabilidad sobre cada territorio. &ldquo;Los buenos polic&iacute;as tienen que saber que van a ser reconocidos por esta administraci&oacute;n y que el Estado va a respaldar su acci&oacute;n. Tambi&eacute;n, habr&aacute; sanciones para los que no cumplan&rsquo;&rsquo;.<\/p>\n<p>&ldquo;En cuanto al sistema penal, estamos trabajando en la rehabilitaci&oacute;n social de los internos&rsquo;&rsquo;, a trav&eacute;s del trabajo intramuros, uno de los derechos m&aacute;s reclamados por las personas privadas de la libertad.<\/p>\n<p>&ldquo;Los mendocinos tienen que saber que vamos a ir a fondo y no vamos a bajar los brazos ni un segundo hasta que Mendoza mejore las condiciones de tranquilidad p&uacute;blica que los delincuentes amenazan. Por eso hoy vengo un <a href=\"https:\/\/www.mendoza.gov.ar\/prensa\/el-gobernador-anuncio-un-nuevo-proyecto-que-sera-una-ley-fuerte-contra-la-delincuencia\/\">proyecto que promueve la transparencia sobre la situaci&oacute;n judicial de las personas privadas de libertad <\/a>sin condena, que revisten la categor&iacute;a vulgarmente conocida de procesados, estableciendo un procedimiento &aacute;gil y r&aacute;pido para disponer la prisi&oacute;n preventiva, su pr&oacute;rroga, cese y control, permitiendo la participaci&oacute;n del imputado y la v&iacute;ctima&rsquo;&rsquo;.<\/p>\n<p>Y enfatiz&oacute;: &lsquo;&rsquo;Este es un mensaje claro para que los delincuentes sepan que vamos a ir por ellos, con el apoyo de leyes m&aacute;s potentes&rsquo;&rsquo;.<\/p>\n<p><strong>Mendoza y la Naci&oacute;n<\/strong><\/p>\n<p>En cuanto a la relaci&oacute;n con la Naci&oacute;n, el Gobernador dijo: &ldquo;Tenemos plena conciencia de que la suerte de nuestra capacidad financiera y el ritmo de recuperaci&oacute;n de nuestra econom&iacute;a est&aacute; sujeta, en buena medida, a la marcha de la econom&iacute;a argentina. Por eso hemos construido con el Gobierno nacional las relaciones colaborativas, fluidas, criteriosas y respetuosas que proclam&aacute;bamos en la campa&ntilde;a. Y como todos los argentinos de buena fe, aspiramos a que el Gobierno nacional consiga bajar seriamente la inflaci&oacute;n y mejorar los niveles de inversi&oacute;n&rsquo;&rsquo;.<\/p>\n<p>&ldquo;De darse ese escenario, tengan la seguridad de que Mendoza va a volver a crecer con fuerza, porque aqu&iacute; estamos haciendo bien nuestra parte, de manera que hasta podemos imaginar, en ese contexto, que se podr&aacute; bajar la presi&oacute;n tributaria, que es uno de nuestros prop&oacute;sitos para los pr&oacute;ximos tiempos, porque nos permitir&aacute; alentar m&aacute;s a&uacute;n el desarrollo privado y, consecuentemente, la generaci&oacute;n de trabajo de calidad&rsquo;&rsquo;.<\/p>\n<p>&ldquo;Me interesa que los mendocinos sepan que ya estamos transitando a paso firme ese camino reparador desde hace cuatro meses. Cuenten con el trabajo incansable de este Gobierno. Espero poder seguir contando con ustedes. Mendoza nos est&aacute; necesitando a todos juntos&rsquo;&rsquo;.<\/p>\n<p>&nbsp;<\/p>\n<\/body><\/html>\n","protected":false},"excerpt":{"rendered":"En su discurso frente a la Asamblea Legislativa, el Gobernador detall\u00f3 lo hecho y expuso los planes para 2016. La modernizaci\u00f3n del Estado, la educaci\u00f3n y la seguridad son los puntos sobresalientes. Aqu\u00ed los principales ejes de su gesti\u00f3n.\n\n\u00a0\n","protected":false},"author":3,"featured_media":54438,"comment_status":"open","ping_status":"open","sticky":false,"template":"","format":"standard","meta":[],"categories":[19],"tags":[],"_links":{"self":[{"href":"https:\/\/www.mendoza.gov.ar\/prensa\/wp-json\/wp\/v2\/posts\/54427"}],"collection":[{"href":"https:\/\/www.mendoza.gov.ar\/prensa\/wp-json\/wp\/v2\/posts"}],"about":[{"href":"https:\/\/www.mendoza.gov.ar\/prensa\/wp-json\/wp\/v2\/types\/post"}],"author":[{"embeddable":true,"href":"https:\/\/www.mendoza.gov.ar\/prensa\/wp-json\/wp\/v2\/users\/3"}],"replies":[{"embeddable":true,"href":"https:\/\/www.mendoza.gov.ar\/prensa\/wp-json\/wp\/v2\/comments?post=54427"}],"version-history":[{"count":0,"href":"https:\/\/www.mendoza.gov.ar\/prensa\/wp-json\/wp\/v2\/posts\/54427\/revisions"}],"wp:featuredmedia":[{"embeddable":true,"href":"https:\/\/www.mendoza.gov.ar\/prensa\/wp-json\/wp\/v2\/media\/54438"}],"wp:attachment":[{"href":"https:\/\/www.mendoza.gov.ar\/prensa\/wp-json\/wp\/v2\/media?parent=54427"}],"wp:term":[{"taxonomy":"category","embeddable":true,"href":"https:\/\/www.mendoza.gov.ar\/prensa\/wp-json\/wp\/v2\/categories?post=54427"},{"taxonomy":"post_tag","embeddable":true,"href":"https:\/\/www.mendoza.gov.ar\/prensa\/wp-json\/wp\/v2\/tags?post=54427"}],"curies":[{"name":"wp","href":"https:\/\/api.w.org\/{rel}","templated":true}]}}