{"id":54433,"date":"2016-05-01T12:19:03","date_gmt":"2016-05-01T15:19:03","guid":{"rendered":"http:\/\/prensa.mendoza.gov.ar\/?p=54433"},"modified":"2016-05-01T12:19:03","modified_gmt":"2016-05-01T15:19:03","slug":"cornejo-la-seguridad-es-sin-dudas-la-demanda-mas-importante-de-la-ciudadania-mendocina-por-eso-es-mi-prioridad-de-gobierno","status":"publish","type":"post","link":"https:\/\/www.mendoza.gov.ar\/prensa\/cornejo-la-seguridad-es-sin-dudas-la-demanda-mas-importante-de-la-ciudadania-mendocina-por-eso-es-mi-prioridad-de-gobierno\/","title":{"rendered":"Cornejo: \u201cLa seguridad es sin dudas la demanda m\u00e1s importante de la ciudadan\u00eda mendocina, por eso es mi prioridad de Gobierno\u201d"},"content":{"rendered":"<!DOCTYPE html PUBLIC \"-\/\/W3C\/\/DTD HTML 4.0 Transitional\/\/EN\" \"http:\/\/www.w3.org\/TR\/REC-html40\/loose.dtd\">\n<html><body><p>En materia de Seguridad, el Gobernador Alfredo Cornejo &nbsp;sum&oacute; al anuncio de la <a href=\"https:\/\/www.mendoza.gov.ar\/prensa\/el-gobernador-anuncio-un-nuevo-proyecto-que-sera-una-ley-fuerte-contra-la-delincuencia\/\" target=\"_blank\">Ley contra la delincuencia<\/a>&nbsp;distintos aspectos importantes respectos de la Ley de Emergencia, la Ley policial y la del Defensor del polic&iacute;a que fueron aprobadas por la Legislatura al inicio de la gesti&oacute;n.<\/p>\n<p>En cuanto a la Ley de Emergencia, el mandatario explic&oacute; que se est&aacute;n realizando grandes inversiones para proveer a los uniformados de las herramientas necesarias para que de esta forma puedan y quieran trabajar efectivamente en la seguridad de los ciudadanos de nuestra provincia. Entre las que se cuenta:<\/p>\n<ul>\n<li>Adquisici&oacute;n de m&oacute;viles equipados con un Sistema Tecnol&oacute;gico Inteligente, como tienen las polic&iacute;as m&aacute;s avanzadas del mundo.<\/li>\n<li>La incorporaci&oacute;n de scanners fijos y m&oacute;viles va a permitir un control m&aacute;s exhaustivo en temas como narcotr&aacute;fico, armas o trata de personas.<\/li>\n<li>Desarrollo del Sistema de Informaci&oacute;n Policial integrando las m&uacute;ltiples bases de datos que existen para dotar a la Direcci&oacute;n de Investigaciones de las herramientas adecuadas para enfrentar al delito actual.<\/li>\n<li>Adquisici&oacute;n del equipamiento para seguridad vial, como identificadores de patentes, de velocidad, radares y elementos complementarios, para actuar sobre el problema de los recurrentes accidentes viales.<\/li>\n<li>Adquisici&oacute;n de equipamiento para la polic&iacute;a: chalecos antibalas, uniformes policiales, pistolas 9 mm, municiones y equipamiento especial.<\/li>\n<li>Plan de obras de mejoramiento y refacci&oacute;n de dependencias policiales.<\/li>\n<li>Plan de obras de mejoramiento y refacci&oacute;n de la Unidad Penitenciaria de San Rafael.<\/li>\n<\/ul>\n<p>&ldquo;No hay pol&iacute;tica de seguridad si antes no se cuenta con una buena polic&iacute;a, que es m&aacute;s importante que tener muchos polic&iacute;as&rdquo;. Con esta frase el Gobernador explic&oacute; los cambios en la Ley 6722, conocida como la Ley del Polic&iacute;a.<\/p>\n<p>Apunta a producir un cambio estructural, que reorganiza, mejora y transfiere poder a la fuerza, fue aprobada por esta Legislatura y se centra en cuatro ejes:<\/p>\n<ul>\n<li>Mayores requisitos para entrar a la fuerza, como por ejemplo secundario completo, antecedentes intachables, ser menor de 30 a&ntilde;os y tener&nbsp;idoneidad para los cargos necesarios.<\/li>\n<li>Se establece un sistema de sanciones de inmediato cumplimiento, como recargas horarias, apercibimientos y suspensiones de hasta 20 d&iacute;as.<\/li>\n<li>Se crean siete jerarqu&iacute;as para el cuerpo de auxiliares con un sistema de ascensos por m&eacute;rito y permanencia en la fuerza.<\/li>\n<li>Se establecen nuevas medidas para ascender, incluyendo duraci&oacute;n en el rango y permanencia en la fuerza.<\/li>\n<\/ul>\n<p>En cuanto a la figura del Defensor del polic&iacute;a, Cornejo subray&oacute;: &ldquo;Se detect&oacute; que el buen polic&iacute;a ten&iacute;a problemas y complicaciones legales que surg&iacute;an de su accionar correcto y guiado por protocolos de actuaci&oacute;n propios de su trabajo, por lo que decidimos enviar un proyecto de ley donde se crea la figura del Defensor del polic&iacute;a. Este obrar&aacute; en defensa del polic&iacute;a que haya actuado de&nbsp;forma profesional en un acto de servicio. Tiende a que el personal se sienta protegido por el Estado en su accionar&rdquo;.<\/p>\n<p>Luego mencion&oacute; la aplicaci&oacute;n del legajo digital, con el que se tiene el control de cada agente y de las herramientas con las que cuenta. Tambi&eacute;n habl&oacute; del acuerdo logrado con YPF que redunda en un ahorro monetario para el Estado, y a su vez brinda combustible a toda la flota de m&oacute;viles policiales para que puedan cumplir su funci&oacute;n en contra del delito y en pos de la seguridad y la tranquilidad de los mendocinos.<\/p>\n<\/body><\/html>\n","protected":false},"excerpt":{"rendered":"As\u00ed lo afirm\u00f3 el Gobernador de los mendocinos durante su discurso en la Legislatura. All\u00ed habl\u00f3 de la Ley de Emergencia, el Defensor del polic\u00eda y los cambios en la Ley policial que implica m\u00e1s exigencias para el ingreso y el reordenamiento de las jerarqu\u00edas.","protected":false},"author":3,"featured_media":54434,"comment_status":"open","ping_status":"open","sticky":false,"template":"","format":"standard","meta":[],"categories":[19],"tags":[],"_links":{"self":[{"href":"https:\/\/www.mendoza.gov.ar\/prensa\/wp-json\/wp\/v2\/posts\/54433"}],"collection":[{"href":"https:\/\/www.mendoza.gov.ar\/prensa\/wp-json\/wp\/v2\/posts"}],"about":[{"href":"https:\/\/www.mendoza.gov.ar\/prensa\/wp-json\/wp\/v2\/types\/post"}],"author":[{"embeddable":true,"href":"https:\/\/www.mendoza.gov.ar\/prensa\/wp-json\/wp\/v2\/users\/3"}],"replies":[{"embeddable":true,"href":"https:\/\/www.mendoza.gov.ar\/prensa\/wp-json\/wp\/v2\/comments?post=54433"}],"version-history":[{"count":0,"href":"https:\/\/www.mendoza.gov.ar\/prensa\/wp-json\/wp\/v2\/posts\/54433\/revisions"}],"wp:featuredmedia":[{"embeddable":true,"href":"https:\/\/www.mendoza.gov.ar\/prensa\/wp-json\/wp\/v2\/media\/54434"}],"wp:attachment":[{"href":"https:\/\/www.mendoza.gov.ar\/prensa\/wp-json\/wp\/v2\/media?parent=54433"}],"wp:term":[{"taxonomy":"category","embeddable":true,"href":"https:\/\/www.mendoza.gov.ar\/prensa\/wp-json\/wp\/v2\/categories?post=54433"},{"taxonomy":"post_tag","embeddable":true,"href":"https:\/\/www.mendoza.gov.ar\/prensa\/wp-json\/wp\/v2\/tags?post=54433"}],"curies":[{"name":"wp","href":"https:\/\/api.w.org\/{rel}","templated":true}]}}