{"id":54914,"date":"2016-05-05T10:44:23","date_gmt":"2016-05-05T13:44:23","guid":{"rendered":"http:\/\/prensa.mendoza.gov.ar\/?p=54914"},"modified":"2016-05-05T10:44:23","modified_gmt":"2016-05-05T13:44:23","slug":"avanza-el-plan-de-ordenamiento-territorial-para-la-provincia","status":"publish","type":"post","link":"https:\/\/www.mendoza.gov.ar\/prensa\/avanza-el-plan-de-ordenamiento-territorial-para-la-provincia\/","title":{"rendered":"Avanza el plan de Ordenamiento Territorial para la provincia"},"content":{"rendered":"<!DOCTYPE html PUBLIC \"-\/\/W3C\/\/DTD HTML 4.0 Transitional\/\/EN\" \"http:\/\/www.w3.org\/TR\/REC-html40\/loose.dtd\">\n<html><body><p>Se realizaron jornadas sobre ordenamiento territorial a trav&eacute;s de Unicipio e impulsadas por la Secretar&iacute;a de Ambiente.<\/p>\n<p>El objetivo es determinar las distintas &aacute;reas de servicios ambientales, de piedemonte, de parques industriales y &aacute;rea agr&iacute;cola productiva&nbsp;del &aacute;rea metropolitana.<\/p>\n<p>Participaron el Instituto de Desarrollo Rural, el INTA, la Secretar&iacute;a de Agricultura Familiar y el Instituto Nacional del Agua junto a los representantes de los siete municipios que conforman Unicipio.<\/p>\n<p>De esta manera se podr&aacute; definir qu&eacute; zonas podr&aacute;n ser urbanizadas y cu&aacute;les no, con el objetivo de consolidar las manchas urbanas existentes, protegiendo las &aacute;reas productivas y ordenando de una manera armoniosa el avance urbano.<\/p>\n<p>Estos planteos constituyen&nbsp;las bases para poder llevar a cabo el Plan de Ordenamiento Territorial de la provincia.<\/p>\n<p>&nbsp;<\/p>\n<\/body><\/html>\n","protected":false},"excerpt":{"rendered":"La Secretar\u00eda de Ambiente a trav\u00e9s de UNICIPIO, convoc\u00f3 a las jornadas sobre ordenamiento territorial.","protected":false},"author":3,"featured_media":54915,"comment_status":"open","ping_status":"open","sticky":false,"template":"","format":"standard","meta":[],"categories":[3],"tags":[],"_links":{"self":[{"href":"https:\/\/www.mendoza.gov.ar\/prensa\/wp-json\/wp\/v2\/posts\/54914"}],"collection":[{"href":"https:\/\/www.mendoza.gov.ar\/prensa\/wp-json\/wp\/v2\/posts"}],"about":[{"href":"https:\/\/www.mendoza.gov.ar\/prensa\/wp-json\/wp\/v2\/types\/post"}],"author":[{"embeddable":true,"href":"https:\/\/www.mendoza.gov.ar\/prensa\/wp-json\/wp\/v2\/users\/3"}],"replies":[{"embeddable":true,"href":"https:\/\/www.mendoza.gov.ar\/prensa\/wp-json\/wp\/v2\/comments?post=54914"}],"version-history":[{"count":0,"href":"https:\/\/www.mendoza.gov.ar\/prensa\/wp-json\/wp\/v2\/posts\/54914\/revisions"}],"wp:featuredmedia":[{"embeddable":true,"href":"https:\/\/www.mendoza.gov.ar\/prensa\/wp-json\/wp\/v2\/media\/54915"}],"wp:attachment":[{"href":"https:\/\/www.mendoza.gov.ar\/prensa\/wp-json\/wp\/v2\/media?parent=54914"}],"wp:term":[{"taxonomy":"category","embeddable":true,"href":"https:\/\/www.mendoza.gov.ar\/prensa\/wp-json\/wp\/v2\/categories?post=54914"},{"taxonomy":"post_tag","embeddable":true,"href":"https:\/\/www.mendoza.gov.ar\/prensa\/wp-json\/wp\/v2\/tags?post=54914"}],"curies":[{"name":"wp","href":"https:\/\/api.w.org\/{rel}","templated":true}]}}